{"id":6547,"date":"2023-06-03T11:52:26","date_gmt":"2023-06-03T08:52:26","guid":{"rendered":"https:\/\/www.urfabugun.com\/?p=6547"},"modified":"2023-06-03T11:52:32","modified_gmt":"2023-06-03T08:52:32","slug":"gaib-mayis-ayinda-1-milyar-dolarin-uzerinde-ihracat-yapti","status":"publish","type":"post","link":"https:\/\/www.urfabugun.com\/index.php\/2023\/06\/03\/gaib-mayis-ayinda-1-milyar-dolarin-uzerinde-ihracat-yapti\/","title":{"rendered":"GA\u0130B May\u0131s Ay\u0131nda 1 Milyar Dolar\u0131n \u00dczerinde \u0130hracat Yapt\u0131!"},"content":{"rendered":"\n<p><\/p>\n\n\n\n<p><strong>G\u00fcneydo\u011fu Anadolu \u0130hracat\u00e7\u0131 Birlikleri (GA\u0130B), may\u0131s ay\u0131nda 1 milyar 3 milyon 114 bin dolarl\u0131k ihracat yapt\u0131.<\/strong><\/p>\n\n\n\n<p>GA\u0130B\u2019ten yap\u0131lan a\u00e7\u0131klamaya g\u00f6re, b\u00f6lge ihracat\u0131 may\u0131s ay\u0131nda ge\u00e7en senenin ayn\u0131 d\u00f6nemine g\u00f6re y\u00fczde 16,6 artarak 1 milyar 3 milyon 114 bin dolar olarak ger\u00e7ekle\u015fti. GA\u0130B b\u00fcnyesindeki ihracatta Ortado\u011fu \u00fclkeleri y\u00fczde 40,7 ile birinci, Avrupa Birli\u011fi \u00fclkeleri y\u00fczde 15,2 ile ikinci, Afrika \u00fclkeleri ise 14,6 ile \u00fc\u00e7\u00fcnc\u00fc s\u0131ra yer ald\u0131.<\/p>\n\n\n\n<p>A\u00e7\u0131klamada g\u00f6r\u00fc\u015flerine yer verilen GA\u0130B Koordinat\u00f6r Ba\u015fkan\u0131 Ahmet Fikret Kileci, \u00fcretim ve ihracatta yap\u0131lan \u00e7al\u0131\u015fmalar\u0131n sonu\u00e7 vermeye ba\u015flad\u0131\u011f\u0131n\u0131 belirtti.<\/p>\n\n\n\n<p>Depremin ard\u0131ndan d\u00fc\u015fen ihracat\u0131n h\u0131zla normale d\u00f6nd\u00fc\u011f\u00fcn\u00fc aktaran Kileci, \u201cDepremin ard\u0131ndan ihracat\u0131m\u0131zda y\u00fczde 40\u2019lar\u0131n \u00fczerini g\u00f6ren \u00e7ok sert d\u00fc\u015f\u00fc\u015fler kademeli olarak azald\u0131. Bug\u00fcn ise may\u0131s ay\u0131nda 1 milyar dolar baraj\u0131n\u0131 a\u015ft\u0131\u011f\u0131m\u0131z\u0131 s\u00f6ylemekten olduk\u00e7a mutluluk duyuyorum.\u201d ifadesini kulland\u0131.<\/p>\n\n\n\n<p>Kileci, b\u00f6lgenin \u00f6nemli ihracat kentlerinden Gaziantep\u2019in may\u0131s ay\u0131nda y\u00fczde 19,7\u2019lik art\u0131\u015fla 872 milyon 262 bin dolarl\u0131k d\u0131\u015f sat\u0131\u015f yaparak lider oldu\u011funu, bu kenti Kahramanmara\u015f, Mardin, Malatya, \u015eanl\u0131urfa, Diyarbak\u0131r, Kilis ve Ad\u0131yaman\u2019\u0131n takip etti\u011fini kaydetti.<\/p>\n","protected":false},"excerpt":{"rendered":"<p>G\u00fcneydo\u011fu Anadolu \u0130hracat\u00e7\u0131 Birlikleri (GA\u0130B), may\u0131s ay\u0131nda 1 milyar 3 milyon 114 bin dolarl\u0131k ihracat yapt\u0131.&#46;&#46;&#46;<\/p>\n","protected":false},"author":2,"featured_media":6549,"comment_status":"open","ping_status":"open","sticky":false,"template":"","format":"standard","meta":{"inline_featured_image":false,"footnotes":""},"categories":[80],"tags":[1938,1657,131,107],"manset":[],"class_list":["post-6547","post","type-post","status-publish","format-standard","has-post-thumbnail","hentry","category-ekonomi-haberleri","tag-gaib","tag-guneydogu","tag-son-dakika","tag-ub"],"_links":{"self":[{"href":"https:\/\/www.urfabugun.com\/index.php\/wp-json\/wp\/v2\/posts\/6547","targetHints":{"allow":["GET"]}}],"collection":[{"href":"https:\/\/www.urfabugun.com\/index.php\/wp-json\/wp\/v2\/posts"}],"about":[{"href":"https:\/\/www.urfabugun.com\/index.php\/wp-json\/wp\/v2\/types\/post"}],"author":[{"embeddable":true,"href":"https:\/\/www.urfabugun.com\/index.php\/wp-json\/wp\/v2\/users\/2"}],"replies":[{"embeddable":true,"href":"https:\/\/www.urfabugun.com\/index.php\/wp-json\/wp\/v2\/comments?post=6547"}],"version-history":[{"count":0,"href":"https:\/\/www.urfabugun.com\/index.php\/wp-json\/wp\/v2\/posts\/6547\/revisions"}],"wp:featuredmedia":[{"embeddable":true,"href":"https:\/\/www.urfabugun.com\/index.php\/wp-json\/wp\/v2\/media\/6549"}],"wp:attachment":[{"href":"https:\/\/www.urfabugun.com\/index.php\/wp-json\/wp\/v2\/media?parent=6547"}],"wp:term":[{"taxonomy":"category","embeddable":true,"href":"https:\/\/www.urfabugun.com\/index.php\/wp-json\/wp\/v2\/categories?post=6547"},{"taxonomy":"post_tag","embeddable":true,"href":"https:\/\/www.urfabugun.com\/index.php\/wp-json\/wp\/v2\/tags?post=6547"},{"taxonomy":"manset","embeddable":true,"href":"https:\/\/www.urfabugun.com\/index.php\/wp-json\/wp\/v2\/manset?post=6547"}],"curies":[{"name":"wp","href":"https:\/\/api.w.org\/{rel}","templated":true}]}}