{"id":6679,"date":"2023-06-07T17:17:11","date_gmt":"2023-06-07T14:17:11","guid":{"rendered":"https:\/\/www.urfabugun.com\/?p=6679"},"modified":"2023-06-07T17:17:18","modified_gmt":"2023-06-07T14:17:18","slug":"sanliurfada-agir-hasarli-binalarin-yikimi-devam-ediyor-2","status":"publish","type":"post","link":"https:\/\/www.urfabugun.com\/index.php\/2023\/06\/07\/sanliurfada-agir-hasarli-binalarin-yikimi-devam-ediyor-2\/","title":{"rendered":"\u015eanl\u0131urfa&#8217;da A\u011f\u0131r Hasarl\u0131 Binalar\u0131n Y\u0131k\u0131m\u0131 Devam Ediyor!"},"content":{"rendered":"\n<p><\/p>\n\n\n\n<p><strong>\u015eanl\u0131urfa Valisi Salih Ayhan, Kahramanmara\u015f merkezli depremlerden etkilenen kentte a\u011f\u0131r hasarl\u0131 binalar\u0131n y\u0131k\u0131m i\u015flemlerinin s\u00fcrd\u00fc\u011f\u00fcn\u00fc bildirdi.<\/strong><\/p>\n\n\n\n<p>Valilikten yap\u0131lan a\u00e7\u0131klamaya g\u00f6re, merkez Haliliye il\u00e7esi Veysel Karani Mahallesi&#8217;nde a\u011f\u0131r hasarl\u0131 bir binan\u0131n y\u0131k\u0131m \u00e7al\u0131\u015fmas\u0131n\u0131 yerinde inceleyen Vali Ayhan, yetkililerden bilgi ald\u0131, ekiplere gerekli g\u00fcvenlik \u00f6nlemlerini almalar\u0131 y\u00f6n\u00fcnde uyar\u0131da bulundu.<\/p>\n\n\n\n<p>Vali Ayhan, hasarl\u0131 binalarla ilgili s\u00fcrecin hukuk \u00e7er\u00e7evesinde sistematik bir \u015fekilde devam etti\u011fini belirterek, &#8220;Bazen vatanda\u015flar\u0131m\u0131z\u0131n &#8216;bu bina a\u011f\u0131r hasarl\u0131 neden hemen y\u0131k\u0131p kald\u0131rm\u0131yorsunuz?&#8217; diye talepleri, s\u00f6ylemleri ve serzeni\u015fleri oluyor. Ama bu bir hukuki s\u00fcre\u00e7tir. Vatanda\u015f\u0131m\u0131z\u0131n binas\u0131na b\u00f6yle bir rapor verildi\u011fi zaman vatanda\u015f itiraz edebilsin diye bir hak veriliyor ve itiraz s\u00fcreci i\u015fliyor. \u0130kinci bir ekip ayn\u0131 raporu tanzim etti\u011fi zaman da y\u0131k\u0131m s\u00fcreci ba\u015flat\u0131l\u0131yor. Yani bir hukuk devletiyiz her \u015feyin bir zaman\u0131, s\u00fcreci ve sistemi vard\u0131r. Bu sistem i\u00e7inde s\u00fcre\u00e7 y\u00fcr\u00fct\u00fclmektedir, vatanda\u015flar\u0131m\u0131z\u0131n bu konuda anlay\u0131\u015f\u0131 ve bize destekleri \u00f6nemlidir. 2-3 ay i\u00e7inde Urfa&#8217;m\u0131z\u0131n tamam\u0131nda in\u015fallah depremin izlerini silmi\u015f olaca\u011f\u0131z.&#8221; ifadesini kulland\u0131.<\/p>\n","protected":false},"excerpt":{"rendered":"<p>\u015eanl\u0131urfa Valisi Salih Ayhan, Kahramanmara\u015f merkezli depremlerden etkilenen kentte a\u011f\u0131r hasarl\u0131 binalar\u0131n y\u0131k\u0131m i\u015flemlerinin s\u00fcrd\u00fc\u011f\u00fcn\u00fc bildirdi.&#46;&#46;&#46;<\/p>\n","protected":false},"author":2,"featured_media":6681,"comment_status":"open","ping_status":"open","sticky":false,"template":"","format":"standard","meta":{"inline_featured_image":false,"footnotes":""},"categories":[82],"tags":[178,1482,118,107,431,1838],"manset":[],"class_list":["post-6679","post","type-post","status-publish","format-standard","has-post-thumbnail","hentry","category-gundem-haberleri","tag-deprem","tag-hasarli-bina","tag-sanliurfa","tag-ub","tag-vali-salih-ayhan","tag-yikim"],"_links":{"self":[{"href":"https:\/\/www.urfabugun.com\/index.php\/wp-json\/wp\/v2\/posts\/6679","targetHints":{"allow":["GET"]}}],"collection":[{"href":"https:\/\/www.urfabugun.com\/index.php\/wp-json\/wp\/v2\/posts"}],"about":[{"href":"https:\/\/www.urfabugun.com\/index.php\/wp-json\/wp\/v2\/types\/post"}],"author":[{"embeddable":true,"href":"https:\/\/www.urfabugun.com\/index.php\/wp-json\/wp\/v2\/users\/2"}],"replies":[{"embeddable":true,"href":"https:\/\/www.urfabugun.com\/index.php\/wp-json\/wp\/v2\/comments?post=6679"}],"version-history":[{"count":0,"href":"https:\/\/www.urfabugun.com\/index.php\/wp-json\/wp\/v2\/posts\/6679\/revisions"}],"wp:featuredmedia":[{"embeddable":true,"href":"https:\/\/www.urfabugun.com\/index.php\/wp-json\/wp\/v2\/media\/6681"}],"wp:attachment":[{"href":"https:\/\/www.urfabugun.com\/index.php\/wp-json\/wp\/v2\/media?parent=6679"}],"wp:term":[{"taxonomy":"category","embeddable":true,"href":"https:\/\/www.urfabugun.com\/index.php\/wp-json\/wp\/v2\/categories?post=6679"},{"taxonomy":"post_tag","embeddable":true,"href":"https:\/\/www.urfabugun.com\/index.php\/wp-json\/wp\/v2\/tags?post=6679"},{"taxonomy":"manset","embeddable":true,"href":"https:\/\/www.urfabugun.com\/index.php\/wp-json\/wp\/v2\/manset?post=6679"}],"curies":[{"name":"wp","href":"https:\/\/api.w.org\/{rel}","templated":true}]}}