{"id":6699,"date":"2023-06-08T15:06:56","date_gmt":"2023-06-08T12:06:56","guid":{"rendered":"https:\/\/www.urfabugun.com\/?p=6699"},"modified":"2023-06-08T15:07:05","modified_gmt":"2023-06-08T12:07:05","slug":"cumhurbaskani-erdogandan-vatandaslara-cagri","status":"publish","type":"post","link":"https:\/\/www.urfabugun.com\/index.php\/2023\/06\/08\/cumhurbaskani-erdogandan-vatandaslara-cagri\/","title":{"rendered":"Cumhurba\u015fkan\u0131 Erdo\u011fan&#8217;dan Vatanda\u015flara \u00c7a\u011fr\u0131!"},"content":{"rendered":"\n<p><\/p>\n\n\n\n<p><strong>Cumhurba\u015fkan\u0131 Recep Tayyip Erdo\u011fan, T\u00fcrkiye \u00c7evre Haftas\u0131 m\u00fcnasebetiyle 9 Millet Bah\u00e7esi A\u00e7\u0131l\u0131\u015f T\u00f6reni&#8217;ne canl\u0131 ba\u011flant\u0131yla kat\u0131ld\u0131.<\/strong><\/p>\n\n\n\n<p>Cumhurba\u015fkan\u0131 Erdo\u011fan, 9 Millet Bah\u00e7esi A\u00e7\u0131l\u0131\u015f T\u00f6reni&#8217;nde a\u00e7\u0131klamalarda bulundu. Erdo\u011fan, &#8220;Vatanda\u015flar\u0131m\u0131za bir kez daha sesleniyorum. Binan\u0131z depreme dayan\u0131kl\u0131 de\u011filse d\u00f6n\u00fc\u015f\u00fcm s\u00fcrecini ba\u015flat\u0131n. Afet kap\u0131n\u0131z\u0131 \u00e7almadan tedbirinizi al\u0131n. Ben de en yak\u0131n zamanda deprem vilayetlerini tek tek dola\u015faca\u011f\u0131m.&#8221; dedi.<\/p>\n","protected":false},"excerpt":{"rendered":"<p>Cumhurba\u015fkan\u0131 Recep Tayyip Erdo\u011fan, T\u00fcrkiye \u00c7evre Haftas\u0131 m\u00fcnasebetiyle 9 Millet Bah\u00e7esi A\u00e7\u0131l\u0131\u015f T\u00f6reni&#8217;ne canl\u0131 ba\u011flant\u0131yla kat\u0131ld\u0131.&#46;&#46;&#46;<\/p>\n","protected":false},"author":2,"featured_media":6701,"comment_status":"open","ping_status":"open","sticky":false,"template":"","format":"standard","meta":{"inline_featured_image":false,"footnotes":""},"categories":[82],"tags":[178,237,1973,118,107],"manset":[],"class_list":["post-6699","post","type-post","status-publish","format-standard","has-post-thumbnail","hentry","category-gundem-haberleri","tag-deprem","tag-erdogan","tag-hasarli-binalar","tag-sanliurfa","tag-ub"],"_links":{"self":[{"href":"https:\/\/www.urfabugun.com\/index.php\/wp-json\/wp\/v2\/posts\/6699","targetHints":{"allow":["GET"]}}],"collection":[{"href":"https:\/\/www.urfabugun.com\/index.php\/wp-json\/wp\/v2\/posts"}],"about":[{"href":"https:\/\/www.urfabugun.com\/index.php\/wp-json\/wp\/v2\/types\/post"}],"author":[{"embeddable":true,"href":"https:\/\/www.urfabugun.com\/index.php\/wp-json\/wp\/v2\/users\/2"}],"replies":[{"embeddable":true,"href":"https:\/\/www.urfabugun.com\/index.php\/wp-json\/wp\/v2\/comments?post=6699"}],"version-history":[{"count":0,"href":"https:\/\/www.urfabugun.com\/index.php\/wp-json\/wp\/v2\/posts\/6699\/revisions"}],"wp:featuredmedia":[{"embeddable":true,"href":"https:\/\/www.urfabugun.com\/index.php\/wp-json\/wp\/v2\/media\/6701"}],"wp:attachment":[{"href":"https:\/\/www.urfabugun.com\/index.php\/wp-json\/wp\/v2\/media?parent=6699"}],"wp:term":[{"taxonomy":"category","embeddable":true,"href":"https:\/\/www.urfabugun.com\/index.php\/wp-json\/wp\/v2\/categories?post=6699"},{"taxonomy":"post_tag","embeddable":true,"href":"https:\/\/www.urfabugun.com\/index.php\/wp-json\/wp\/v2\/tags?post=6699"},{"taxonomy":"manset","embeddable":true,"href":"https:\/\/www.urfabugun.com\/index.php\/wp-json\/wp\/v2\/manset?post=6699"}],"curies":[{"name":"wp","href":"https:\/\/api.w.org\/{rel}","templated":true}]}}