{"id":6763,"date":"2023-06-10T15:51:58","date_gmt":"2023-06-10T12:51:58","guid":{"rendered":"https:\/\/www.urfabugun.com\/?p=6763"},"modified":"2023-06-10T15:52:04","modified_gmt":"2023-06-10T12:52:04","slug":"sanliurfa-dahil-6-ilde-duzenlenen-operasyonda-5-kisi-tutuklandi","status":"publish","type":"post","link":"https:\/\/www.urfabugun.com\/index.php\/2023\/06\/10\/sanliurfa-dahil-6-ilde-duzenlenen-operasyonda-5-kisi-tutuklandi\/","title":{"rendered":"\u015eanl\u0131urfa D\u00e2hil 6 \u0130lde D\u00fczenlenen Operasyonda 5 Ki\u015fi Tutukland\u0131!"},"content":{"rendered":"\n<p><\/p>\n\n\n\n<p><strong>\u015eanl\u0131urfa\u2019n\u0131n da aralar\u0131nda bulundu\u011fu Bursa merkezli 6 ilde d\u00fczenlenen operasyonda, yediemin otopark\u0131nda bulunan hacizli ara\u00e7lar\u0131 sahte belgelerle \u00e7\u0131kar\u0131p par\u00e7alayarak satt\u0131klar\u0131 iddias\u0131yla yakalanan 6 \u015f\u00fcpheliden 5\u2019i tutukland\u0131.<\/strong><\/p>\n\n\n\n<p>Gemlik Cumhuriyet Ba\u015fsavc\u0131l\u0131\u011f\u0131nca y\u00fcr\u00fct\u00fclen \u201cnitelikli doland\u0131r\u0131c\u0131l\u0131k ve resmi belgede sahtecilik\u201d soru\u015fturmas\u0131 kapsam\u0131nda, 24 ayr\u0131 olayda icra yoluyla haczedilerek yediemin otopark\u0131na \u00e7ekilen ara\u00e7lar hakk\u0131nda sahte evraklar d\u00fczenlenerek ilams\u0131z icra takibi ba\u015flat\u0131ld\u0131\u011f\u0131 belirlendi.<\/p>\n\n\n\n<p>Ger\u00e7ek bor\u00e7lu ara\u00e7 sahibi ad\u0131na sahte kimlik d\u00fczenlenerek, bu ara\u00e7lar\u0131n bulundu\u011fu yediemin otoparklar\u0131ndan \u00e7\u0131kar\u0131l\u0131p par\u00e7alanarak sat\u0131ld\u0131\u011f\u0131 tespit edildi.<\/p>\n\n\n\n<p>Bunun \u00fczerine Bursa Emniyet M\u00fcd\u00fcrl\u00fc\u011f\u00fc Ka\u00e7ak\u00e7\u0131l\u0131k ve Organize Su\u00e7larla M\u00fccadele \u015eubesi ekipleri, teknik ve fiziki takibin ard\u0131ndan Bursa\u2019n\u0131n yan\u0131 s\u0131ra \u0130stanbul, Kocaeli, \u0130zmir, Mersin ve \u015eanl\u0131urfa\u2019da e\u015f zamanl\u0131 operasyon ger\u00e7ekle\u015ftirdi.<\/p>\n\n\n\n<p>G\u00f6zalt\u0131na al\u0131narak emniyetteki i\u015flemlerinin ard\u0131ndan adliyeye sevk edilen \u015f\u00fcphelilerden \u00d6.B, K.\u015e, M.S, M.\u00c7. ve B.K. \u00e7\u0131kar\u0131ld\u0131klar\u0131 hakimlik\u00e7e tutukland\u0131, S.O.\u00d6. ise adli kontrol \u015fart\u0131yla serbest b\u0131rak\u0131ld\u0131.<\/p>\n","protected":false},"excerpt":{"rendered":"<p>\u015eanl\u0131urfa\u2019n\u0131n da aralar\u0131nda bulundu\u011fu Bursa merkezli 6 ilde d\u00fczenlenen operasyonda, yediemin otopark\u0131nda bulunan hacizli ara\u00e7lar\u0131 sahte&#46;&#46;&#46;<\/p>\n","protected":false},"author":2,"featured_media":6765,"comment_status":"open","ping_status":"open","sticky":false,"template":"","format":"standard","meta":{"inline_featured_image":false,"footnotes":""},"categories":[75],"tags":[184,914,118,107,130],"manset":[],"class_list":["post-6763","post","type-post","status-publish","format-standard","has-post-thumbnail","hentry","category-asayis-haberleri","tag-asayis","tag-bursa","tag-sanliurfa","tag-ub","tag-urfa"],"_links":{"self":[{"href":"https:\/\/www.urfabugun.com\/index.php\/wp-json\/wp\/v2\/posts\/6763","targetHints":{"allow":["GET"]}}],"collection":[{"href":"https:\/\/www.urfabugun.com\/index.php\/wp-json\/wp\/v2\/posts"}],"about":[{"href":"https:\/\/www.urfabugun.com\/index.php\/wp-json\/wp\/v2\/types\/post"}],"author":[{"embeddable":true,"href":"https:\/\/www.urfabugun.com\/index.php\/wp-json\/wp\/v2\/users\/2"}],"replies":[{"embeddable":true,"href":"https:\/\/www.urfabugun.com\/index.php\/wp-json\/wp\/v2\/comments?post=6763"}],"version-history":[{"count":0,"href":"https:\/\/www.urfabugun.com\/index.php\/wp-json\/wp\/v2\/posts\/6763\/revisions"}],"wp:featuredmedia":[{"embeddable":true,"href":"https:\/\/www.urfabugun.com\/index.php\/wp-json\/wp\/v2\/media\/6765"}],"wp:attachment":[{"href":"https:\/\/www.urfabugun.com\/index.php\/wp-json\/wp\/v2\/media?parent=6763"}],"wp:term":[{"taxonomy":"category","embeddable":true,"href":"https:\/\/www.urfabugun.com\/index.php\/wp-json\/wp\/v2\/categories?post=6763"},{"taxonomy":"post_tag","embeddable":true,"href":"https:\/\/www.urfabugun.com\/index.php\/wp-json\/wp\/v2\/tags?post=6763"},{"taxonomy":"manset","embeddable":true,"href":"https:\/\/www.urfabugun.com\/index.php\/wp-json\/wp\/v2\/manset?post=6763"}],"curies":[{"name":"wp","href":"https:\/\/api.w.org\/{rel}","templated":true}]}}