{"id":6775,"date":"2023-06-11T14:17:09","date_gmt":"2023-06-11T11:17:09","guid":{"rendered":"https:\/\/www.urfabugun.com\/?p=6775"},"modified":"2023-06-11T14:17:18","modified_gmt":"2023-06-11T11:17:18","slug":"suriyenin-kuzeyinde-pkk-ypgli-4-terorist-etkisiz-hale-getirildi","status":"publish","type":"post","link":"https:\/\/www.urfabugun.com\/index.php\/2023\/06\/11\/suriyenin-kuzeyinde-pkk-ypgli-4-terorist-etkisiz-hale-getirildi\/","title":{"rendered":"Suriye\u2019nin Kuzeyinde PKK\/YPG\u2019li 4 Ter\u00f6rist Etkisiz Hale Getirildi!"},"content":{"rendered":"\n<p><\/p>\n\n\n\n<p><strong>Zeytin Dal\u0131 b\u00f6lgesine taciz ate\u015fi a\u00e7an 4 PKK\/YPG&#8217;li ter\u00f6rist etkisiz hale getirildi.<\/strong><\/p>\n\n\n\n<p>Milli Savunma Bakanl\u0131\u011f\u0131ndan (MSB) yap\u0131lan a\u00e7\u0131klamada, ter\u00f6rle m\u00fccadelenin Suriye\u2019nin kuzeyinde de etkin ve kararl\u0131 bir \u015fekilde s\u00fcrd\u00fcr\u00fcld\u00fc\u011f\u00fc belirtilerek, Zeytin Dal\u0131 b\u00f6lgesine taciz ate\u015fi a\u00e7an 4 PKK\/YPG\u2019li ter\u00f6ristin ba\u015far\u0131l\u0131 bir operasyonla etkisiz hale getirildi\u011fi bildirildi.<\/p>\n\n\n\n<figure class=\"wp-block-embed is-type-rich is-provider-twitter wp-block-embed-twitter\"><div class=\"wp-block-embed__wrapper\">\n<blockquote class=\"twitter-tweet\" data-width=\"500\" data-dnt=\"true\"><p lang=\"tr\" dir=\"ltr\">Kahraman Mehmet\u00e7ik ter\u00f6ristle m\u00fccadelesini Suriye\u2019nin kuzeyinde de etkin ve kararl\u0131 \u015fekilde s\u00fcrd\u00fcr\u00fcyor.<br><br>Zeytin Dal\u0131 b\u00f6lgesine taciz ate\u015fi a\u00e7an 4 PKK\/YPG&#39;li ter\u00f6rist ba\u015far\u0131l\u0131 bir operasyonla etkisiz h\u00e2le getirildi.<a href=\"https:\/\/twitter.com\/hashtag\/Mill%C3%AESavunmaBakanl%C4%B1%C4%9F%C4%B1?src=hash&amp;ref_src=twsrc%5Etfw\" target=\"_blank\" rel=\"noopener\">#Mill\u00eeSavunmaBakanl\u0131\u011f\u0131<\/a> <a href=\"https:\/\/t.co\/aDYwSNoUnD\" target=\"_blank\">pic.twitter.com\/aDYwSNoUnD<\/a><\/p>&mdash; T.C. Mill\u00ee Savunma Bakanl\u0131\u011f\u0131 (@tcsavunma) <a href=\"https:\/\/twitter.com\/tcsavunma\/status\/1667822977537155073?ref_src=twsrc%5Etfw\" target=\"_blank\" rel=\"noopener\">June 11, 2023<\/a><\/blockquote><script async src=\"https:\/\/platform.twitter.com\/widgets.js\" charset=\"utf-8\"><\/script>\n<\/div><\/figure>\n","protected":false},"excerpt":{"rendered":"<p>Zeytin Dal\u0131 b\u00f6lgesine taciz ate\u015fi a\u00e7an 4 PKK\/YPG&#8217;li ter\u00f6rist etkisiz hale getirildi. Milli Savunma Bakanl\u0131\u011f\u0131ndan (MSB)&#46;&#46;&#46;<\/p>\n","protected":false},"author":2,"featured_media":6777,"comment_status":"open","ping_status":"open","sticky":false,"template":"","format":"standard","meta":{"inline_featured_image":false,"footnotes":""},"categories":[75],"tags":[1736,652,1189,107,1993],"manset":[],"class_list":["post-6775","post","type-post","status-publish","format-standard","has-post-thumbnail","hentry","category-asayis-haberleri","tag-pkk","tag-suriye","tag-terorist","tag-ub","tag-ypg"],"_links":{"self":[{"href":"https:\/\/www.urfabugun.com\/index.php\/wp-json\/wp\/v2\/posts\/6775","targetHints":{"allow":["GET"]}}],"collection":[{"href":"https:\/\/www.urfabugun.com\/index.php\/wp-json\/wp\/v2\/posts"}],"about":[{"href":"https:\/\/www.urfabugun.com\/index.php\/wp-json\/wp\/v2\/types\/post"}],"author":[{"embeddable":true,"href":"https:\/\/www.urfabugun.com\/index.php\/wp-json\/wp\/v2\/users\/2"}],"replies":[{"embeddable":true,"href":"https:\/\/www.urfabugun.com\/index.php\/wp-json\/wp\/v2\/comments?post=6775"}],"version-history":[{"count":0,"href":"https:\/\/www.urfabugun.com\/index.php\/wp-json\/wp\/v2\/posts\/6775\/revisions"}],"wp:featuredmedia":[{"embeddable":true,"href":"https:\/\/www.urfabugun.com\/index.php\/wp-json\/wp\/v2\/media\/6777"}],"wp:attachment":[{"href":"https:\/\/www.urfabugun.com\/index.php\/wp-json\/wp\/v2\/media?parent=6775"}],"wp:term":[{"taxonomy":"category","embeddable":true,"href":"https:\/\/www.urfabugun.com\/index.php\/wp-json\/wp\/v2\/categories?post=6775"},{"taxonomy":"post_tag","embeddable":true,"href":"https:\/\/www.urfabugun.com\/index.php\/wp-json\/wp\/v2\/tags?post=6775"},{"taxonomy":"manset","embeddable":true,"href":"https:\/\/www.urfabugun.com\/index.php\/wp-json\/wp\/v2\/manset?post=6775"}],"curies":[{"name":"wp","href":"https:\/\/api.w.org\/{rel}","templated":true}]}}