{"id":6814,"date":"2023-06-12T11:26:25","date_gmt":"2023-06-12T08:26:25","guid":{"rendered":"https:\/\/www.urfabugun.com\/?p=6814"},"modified":"2023-06-12T11:26:32","modified_gmt":"2023-06-12T08:26:32","slug":"tuik-acikladi-issizlik-oranlari-nisan-ayinda-yukseldi","status":"publish","type":"post","link":"https:\/\/www.urfabugun.com\/index.php\/2023\/06\/12\/tuik-acikladi-issizlik-oranlari-nisan-ayinda-yukseldi\/","title":{"rendered":"T\u00dc\u0130K A\u00e7\u0131klad\u0131: \u0130\u015fsizlik Oranlar\u0131 Nisan Ay\u0131nda Y\u00fckseldi!"},"content":{"rendered":"\n<p><\/p>\n\n\n\n<p><strong>Nisan ay\u0131 i\u015fsizlik rakamlar\u0131 T\u00dc\u0130K taraf\u0131ndan duyuruldu. Buna g\u00f6re Mart\u2019ta y\u00fczde 10 olan i\u015fsizlik y\u00fczde 10,2&#8217;ye y\u00fckseldi.<\/strong><\/p>\n\n\n\n<p>T\u00fcrkiye \u0130statistik Kurumu (T\u00dc\u0130K), Nisan ay\u0131na ili\u015fkin i\u015f g\u00fcc\u00fc istatistiklerini yay\u0131mlad\u0131. Mevsimsel d\u00fczeltilmi\u015f i\u015fsizlik oran\u0131 Mart ay\u0131nda y\u00fczde 10,0 seviyesinde sabit kalm\u0131\u015ft\u0131. \u0130\u015fsizlik Nisan ay\u0131nda bir \u00f6nceki aya g\u00f6re 74 bin ki\u015fi artarak 3 milyon 585 bin ki\u015fi oldu. Oran ise y\u00fczde 10,2 olarak a\u00e7\u0131kland\u0131.<\/p>\n\n\n\n<p><strong>GEN\u00c7 N\u00dcFUSTA \u0130\u015eS\u0130ZL\u0130K<\/strong><\/p>\n\n\n\n<p>15-24 ya\u015f grubunu kapsayan gen\u00e7 n\u00fcfusta i\u015fsizlik oran\u0131 bir \u00f6nceki aya g\u00f6re 1,2 puanl\u0131k azal\u0131\u015f ile y\u00fczde 19,1 oldu. Bu ya\u015f grubunda i\u015fsizlik oran\u0131; erkeklerde y\u00fczde 15,7, kad\u0131nlarda ise y\u00fczde 25,4 olarak tahmin edildi.<\/p>\n","protected":false},"excerpt":{"rendered":"<p>Nisan ay\u0131 i\u015fsizlik rakamlar\u0131 T\u00dc\u0130K taraf\u0131ndan duyuruldu. Buna g\u00f6re Mart\u2019ta y\u00fczde 10 olan i\u015fsizlik y\u00fczde 10,2&#8217;ye&#46;&#46;&#46;<\/p>\n","protected":false},"author":2,"featured_media":6816,"comment_status":"open","ping_status":"open","sticky":false,"template":"","format":"standard","meta":{"inline_featured_image":false,"footnotes":""},"categories":[80],"tags":[2001,1113,359,107],"manset":[],"class_list":["post-6814","post","type-post","status-publish","format-standard","has-post-thumbnail","hentry","category-ekonomi-haberleri","tag-issizlik-rakami-aciklandi","tag-nisan","tag-tuik","tag-ub"],"_links":{"self":[{"href":"https:\/\/www.urfabugun.com\/index.php\/wp-json\/wp\/v2\/posts\/6814","targetHints":{"allow":["GET"]}}],"collection":[{"href":"https:\/\/www.urfabugun.com\/index.php\/wp-json\/wp\/v2\/posts"}],"about":[{"href":"https:\/\/www.urfabugun.com\/index.php\/wp-json\/wp\/v2\/types\/post"}],"author":[{"embeddable":true,"href":"https:\/\/www.urfabugun.com\/index.php\/wp-json\/wp\/v2\/users\/2"}],"replies":[{"embeddable":true,"href":"https:\/\/www.urfabugun.com\/index.php\/wp-json\/wp\/v2\/comments?post=6814"}],"version-history":[{"count":0,"href":"https:\/\/www.urfabugun.com\/index.php\/wp-json\/wp\/v2\/posts\/6814\/revisions"}],"wp:featuredmedia":[{"embeddable":true,"href":"https:\/\/www.urfabugun.com\/index.php\/wp-json\/wp\/v2\/media\/6816"}],"wp:attachment":[{"href":"https:\/\/www.urfabugun.com\/index.php\/wp-json\/wp\/v2\/media?parent=6814"}],"wp:term":[{"taxonomy":"category","embeddable":true,"href":"https:\/\/www.urfabugun.com\/index.php\/wp-json\/wp\/v2\/categories?post=6814"},{"taxonomy":"post_tag","embeddable":true,"href":"https:\/\/www.urfabugun.com\/index.php\/wp-json\/wp\/v2\/tags?post=6814"},{"taxonomy":"manset","embeddable":true,"href":"https:\/\/www.urfabugun.com\/index.php\/wp-json\/wp\/v2\/manset?post=6814"}],"curies":[{"name":"wp","href":"https:\/\/api.w.org\/{rel}","templated":true}]}}