{"id":6837,"date":"2023-06-12T21:30:56","date_gmt":"2023-06-12T18:30:56","guid":{"rendered":"https:\/\/www.urfabugun.com\/?p=6837"},"modified":"2023-06-12T21:31:10","modified_gmt":"2023-06-12T18:31:10","slug":"sanliurfada-deas-operasyonu-2","status":"publish","type":"post","link":"https:\/\/www.urfabugun.com\/index.php\/2023\/06\/12\/sanliurfada-deas-operasyonu-2\/","title":{"rendered":"\u015eanl\u0131urfa\u2019da DEA\u015e Operasyonu!"},"content":{"rendered":"\n<p><\/p>\n\n\n\n<p><strong>\u015eanl\u0131urfa&#8217;da ter\u00f6r \u00f6rg\u00fct\u00fc DEA\u015e&#8217;a y\u00f6nelik operasyonda 1 \u015f\u00fcpheli g\u00f6zalt\u0131na al\u0131nd\u0131.<\/strong><\/p>\n\n\n\n<p>\u015eanl\u0131urfa Cumhuriyet Ba\u015fsavc\u0131l\u0131\u011f\u0131n\u0131n talimat\u0131yla, ter\u00f6r \u00f6rg\u00fct\u00fc DEA\u015e i\u00e7inde faaliyet g\u00f6steren \u015f\u00fcphelilerin yakalanmas\u0131na y\u00f6nelik operasyon ger\u00e7ekle\u015ftirildi.<\/p>\n\n\n\n<p>Polis ekipleri, belirlenen adreslere d\u00fczenledikleri e\u015f zamanl\u0131 operasyonda \u015f\u00fcpheli A.S&#8217;yi yakalad\u0131.<\/p>\n\n\n\n<p>G\u00f6zalt\u0131na al\u0131nan zanl\u0131n\u0131n adli i\u015flemleri devam ediyor.<\/p>\n","protected":false},"excerpt":{"rendered":"<p>\u015eanl\u0131urfa&#8217;da ter\u00f6r \u00f6rg\u00fct\u00fc DEA\u015e&#8217;a y\u00f6nelik operasyonda 1 \u015f\u00fcpheli g\u00f6zalt\u0131na al\u0131nd\u0131. \u015eanl\u0131urfa Cumhuriyet Ba\u015fsavc\u0131l\u0131\u011f\u0131n\u0131n talimat\u0131yla, ter\u00f6r \u00f6rg\u00fct\u00fc&#46;&#46;&#46;<\/p>\n","protected":false},"author":2,"featured_media":6839,"comment_status":"open","ping_status":"open","sticky":false,"template":"","format":"standard","meta":{"inline_featured_image":false,"footnotes":""},"categories":[75],"tags":[184,118,2008,131,107,608],"manset":[],"class_list":["post-6837","post","type-post","status-publish","format-standard","has-post-thumbnail","hentry","category-asayis-haberleri","tag-asayis","tag-sanliurfa","tag-sanliurfada-deas-operasyonu","tag-son-dakika","tag-ub","tag-urfa-bugun"],"_links":{"self":[{"href":"https:\/\/www.urfabugun.com\/index.php\/wp-json\/wp\/v2\/posts\/6837","targetHints":{"allow":["GET"]}}],"collection":[{"href":"https:\/\/www.urfabugun.com\/index.php\/wp-json\/wp\/v2\/posts"}],"about":[{"href":"https:\/\/www.urfabugun.com\/index.php\/wp-json\/wp\/v2\/types\/post"}],"author":[{"embeddable":true,"href":"https:\/\/www.urfabugun.com\/index.php\/wp-json\/wp\/v2\/users\/2"}],"replies":[{"embeddable":true,"href":"https:\/\/www.urfabugun.com\/index.php\/wp-json\/wp\/v2\/comments?post=6837"}],"version-history":[{"count":0,"href":"https:\/\/www.urfabugun.com\/index.php\/wp-json\/wp\/v2\/posts\/6837\/revisions"}],"wp:featuredmedia":[{"embeddable":true,"href":"https:\/\/www.urfabugun.com\/index.php\/wp-json\/wp\/v2\/media\/6839"}],"wp:attachment":[{"href":"https:\/\/www.urfabugun.com\/index.php\/wp-json\/wp\/v2\/media?parent=6837"}],"wp:term":[{"taxonomy":"category","embeddable":true,"href":"https:\/\/www.urfabugun.com\/index.php\/wp-json\/wp\/v2\/categories?post=6837"},{"taxonomy":"post_tag","embeddable":true,"href":"https:\/\/www.urfabugun.com\/index.php\/wp-json\/wp\/v2\/tags?post=6837"},{"taxonomy":"manset","embeddable":true,"href":"https:\/\/www.urfabugun.com\/index.php\/wp-json\/wp\/v2\/manset?post=6837"}],"curies":[{"name":"wp","href":"https:\/\/api.w.org\/{rel}","templated":true}]}}