{"id":6896,"date":"2023-06-14T11:41:02","date_gmt":"2023-06-14T08:41:02","guid":{"rendered":"https:\/\/www.urfabugun.com\/?p=6896"},"modified":"2023-06-14T11:41:08","modified_gmt":"2023-06-14T08:41:08","slug":"sanliurfada-otomobil-takla-atti-2-yarali","status":"publish","type":"post","link":"https:\/\/www.urfabugun.com\/index.php\/2023\/06\/14\/sanliurfada-otomobil-takla-atti-2-yarali\/","title":{"rendered":"\u015eanl\u0131urfa\u2019da Otomobil Takla Att\u0131 : 2 Yaral\u0131!"},"content":{"rendered":"\n<p><\/p>\n\n\n\n<p><strong>\u015eanl\u0131urfa\u2019n\u0131n Karak\u00f6pr\u00fc il\u00e7esinde, bir otomobilin takla atmas\u0131yla sonu\u00e7lanan iki ara\u00e7 \u00e7arp\u0131\u015fmas\u0131 meydana geldi. Kazada 2 ki\u015fi yaraland\u0131.<\/strong><\/p>\n\n\n\n<p>Edinilen bilgilere g\u00f6re kaza, \u015eanl\u0131urfa-Diyarbak\u0131r yolu \u00fczerinde meydana geldi. Plakas\u0131 ve s\u00fcr\u00fcc\u00fc ismi \u00f6\u011frenilemeyen otomobil, s\u00fcr\u00fcc\u00fcs\u00fcn\u00fcn direksiyon h\u00e2kimiyetini kaybetmesi sonucu \u015farampole yuvarland\u0131.<\/p>\n\n\n\n<p>\u00c7evredeki ki\u015filerin haber vermesi \u00fczerine olay yerine sa\u011fl\u0131k, polis ve itfaiye ekipleri sevk edildi. \u0130tfaiye ekipleri k\u0131sa s\u00fcrede olay yerine gelerek ara\u00e7 i\u00e7inde s\u0131k\u0131\u015fan yaral\u0131lar\u0131 kurtard\u0131 ve sa\u011fl\u0131k ekiplerine teslim etti.<\/p>\n\n\n\n<p>Yaral\u0131lar daha sonra Mehmet Akif \u0130nan E\u011fitim ve Ara\u015ft\u0131rma Hastanesi\u2019ne g\u00f6t\u00fcr\u00fclerek tedavi alt\u0131na al\u0131nd\u0131. Yaral\u0131lar\u0131n sa\u011fl\u0131k durumunun iyi oldu\u011fu belirtildi.<\/p>\n\n\n\n<p>Kaza nedeniyle polis ekipleri, \u015eanl\u0131urfa-Diyarbak\u0131r karayolu \u00fczerinde trafi\u011fi kontroll\u00fc bir \u015fekilde sa\u011flarken, kazaya kar\u0131\u015fan ara\u00e7lar\u0131n kald\u0131r\u0131lmas\u0131n\u0131n ard\u0131ndan yol tekrar normale d\u00f6nd\u00fc.<\/p>\n","protected":false},"excerpt":{"rendered":"<p>\u015eanl\u0131urfa\u2019n\u0131n Karak\u00f6pr\u00fc il\u00e7esinde, bir otomobilin takla atmas\u0131yla sonu\u00e7lanan iki ara\u00e7 \u00e7arp\u0131\u015fmas\u0131 meydana geldi. Kazada 2 ki\u015fi&#46;&#46;&#46;<\/p>\n","protected":false},"author":2,"featured_media":6898,"comment_status":"open","ping_status":"open","sticky":false,"template":"","format":"standard","meta":{"inline_featured_image":false,"footnotes":""},"categories":[75],"tags":[184,2022,2021,107,130,608],"manset":[],"class_list":["post-6896","post","type-post","status-publish","format-standard","has-post-thumbnail","hentry","category-asayis-haberleri","tag-asayis","tag-karakoprude-trafik-kazasi","tag-sanliurfada-otomobil-takla-atti-2-yarali","tag-ub","tag-urfa","tag-urfa-bugun"],"_links":{"self":[{"href":"https:\/\/www.urfabugun.com\/index.php\/wp-json\/wp\/v2\/posts\/6896","targetHints":{"allow":["GET"]}}],"collection":[{"href":"https:\/\/www.urfabugun.com\/index.php\/wp-json\/wp\/v2\/posts"}],"about":[{"href":"https:\/\/www.urfabugun.com\/index.php\/wp-json\/wp\/v2\/types\/post"}],"author":[{"embeddable":true,"href":"https:\/\/www.urfabugun.com\/index.php\/wp-json\/wp\/v2\/users\/2"}],"replies":[{"embeddable":true,"href":"https:\/\/www.urfabugun.com\/index.php\/wp-json\/wp\/v2\/comments?post=6896"}],"version-history":[{"count":0,"href":"https:\/\/www.urfabugun.com\/index.php\/wp-json\/wp\/v2\/posts\/6896\/revisions"}],"wp:featuredmedia":[{"embeddable":true,"href":"https:\/\/www.urfabugun.com\/index.php\/wp-json\/wp\/v2\/media\/6898"}],"wp:attachment":[{"href":"https:\/\/www.urfabugun.com\/index.php\/wp-json\/wp\/v2\/media?parent=6896"}],"wp:term":[{"taxonomy":"category","embeddable":true,"href":"https:\/\/www.urfabugun.com\/index.php\/wp-json\/wp\/v2\/categories?post=6896"},{"taxonomy":"post_tag","embeddable":true,"href":"https:\/\/www.urfabugun.com\/index.php\/wp-json\/wp\/v2\/tags?post=6896"},{"taxonomy":"manset","embeddable":true,"href":"https:\/\/www.urfabugun.com\/index.php\/wp-json\/wp\/v2\/manset?post=6896"}],"curies":[{"name":"wp","href":"https:\/\/api.w.org\/{rel}","templated":true}]}}