{"id":6973,"date":"2023-06-16T16:38:47","date_gmt":"2023-06-16T13:38:47","guid":{"rendered":"https:\/\/www.urfabugun.com\/?p=6973"},"modified":"2023-06-16T16:38:53","modified_gmt":"2023-06-16T13:38:53","slug":"serinlemek-icin-girdigi-goletten-cansiz-bedeni-cikti","status":"publish","type":"post","link":"https:\/\/www.urfabugun.com\/index.php\/2023\/06\/16\/serinlemek-icin-girdigi-goletten-cansiz-bedeni-cikti\/","title":{"rendered":"Serinlemek \u0130\u00e7in Girdi\u011fi G\u00f6letten Cans\u0131z Bedeni \u00c7\u0131kt\u0131!"},"content":{"rendered":"\n<p><\/p>\n\n\n\n<p><strong>\u015eanl\u0131urfa\u2019n\u0131n Siverek il\u00e7esinde serinlemek i\u00e7in g\u00f6lette giren 3 arkada\u015ftan biri bo\u011fuldu.<\/strong><\/p>\n\n\n\n<p>Olay Siverek il\u00e7esine ba\u011fl\u0131 Sabanc\u0131 Mahallesi\u2019nde meydana geldi. \u0130ddiaya g\u00f6re, serinlemek i\u00e7in 3 arkada\u015f su g\u00f6letine girdi.<\/p>\n\n\n\n<p>Bir s\u00fcre sonra 3 arkada\u015ftan ikisi serinlemek i\u00e7in girdi\u011fi sudan \u00e7\u0131karken bir arkada\u015flar\u0131n\u0131n \u00e7\u0131kamad\u0131\u011f\u0131n\u0131 fark etti. &nbsp;<\/p>\n\n\n\n<p>Mahalle sakinleri olay yerine jandarma ve itfaiyeye ekiplerini \u00e7a\u011f\u0131rd\u0131. K\u0131sa s\u00fcrede olay yerine gelen su alt\u0131 dalg\u0131\u00e7 polisleri arama kurtarma \u00e7al\u0131\u015fmalar\u0131na ba\u015flad\u0131. Dalg\u0131\u00e7 polislerin arama \u00e7al\u0131\u015fmalar\u0131 sonucunda Mustafa Sert&#8217;in cans\u0131z bedenine ula\u015f\u0131ld\u0131. Olay yerinde bo\u011fulan \u00e7ocu\u011fun yak\u0131nlar\u0131 sinir krizi ge\u00e7irdi.<\/p>\n\n\n\n<p>Mustafa Sert&#8217;in cans\u0131z bedeni otopsi i\u00e7in Siverek Devlet Hastanesi Morguna kald\u0131r\u0131l\u0131rken, olayla ilgili inceleme ba\u015flat\u0131ld\u0131.<\/p>\n","protected":false},"excerpt":{"rendered":"<p>\u015eanl\u0131urfa\u2019n\u0131n Siverek il\u00e7esinde serinlemek i\u00e7in g\u00f6lette giren 3 arkada\u015ftan biri bo\u011fuldu. Olay Siverek il\u00e7esine ba\u011fl\u0131 Sabanc\u0131&#46;&#46;&#46;<\/p>\n","protected":false},"author":2,"featured_media":6975,"comment_status":"open","ping_status":"open","sticky":false,"template":"","format":"standard","meta":{"inline_featured_image":false,"footnotes":""},"categories":[75],"tags":[184,2051,2050,118,2052,335,107],"manset":[],"class_list":["post-6973","post","type-post","status-publish","format-standard","has-post-thumbnail","hentry","category-asayis-haberleri","tag-asayis","tag-golet","tag-sabanci-mahallesi","tag-sanliurfa","tag-serinlemek-icin-girdigi-goletten-cansiz-bedeni-cikti","tag-siverek","tag-ub"],"_links":{"self":[{"href":"https:\/\/www.urfabugun.com\/index.php\/wp-json\/wp\/v2\/posts\/6973","targetHints":{"allow":["GET"]}}],"collection":[{"href":"https:\/\/www.urfabugun.com\/index.php\/wp-json\/wp\/v2\/posts"}],"about":[{"href":"https:\/\/www.urfabugun.com\/index.php\/wp-json\/wp\/v2\/types\/post"}],"author":[{"embeddable":true,"href":"https:\/\/www.urfabugun.com\/index.php\/wp-json\/wp\/v2\/users\/2"}],"replies":[{"embeddable":true,"href":"https:\/\/www.urfabugun.com\/index.php\/wp-json\/wp\/v2\/comments?post=6973"}],"version-history":[{"count":0,"href":"https:\/\/www.urfabugun.com\/index.php\/wp-json\/wp\/v2\/posts\/6973\/revisions"}],"wp:featuredmedia":[{"embeddable":true,"href":"https:\/\/www.urfabugun.com\/index.php\/wp-json\/wp\/v2\/media\/6975"}],"wp:attachment":[{"href":"https:\/\/www.urfabugun.com\/index.php\/wp-json\/wp\/v2\/media?parent=6973"}],"wp:term":[{"taxonomy":"category","embeddable":true,"href":"https:\/\/www.urfabugun.com\/index.php\/wp-json\/wp\/v2\/categories?post=6973"},{"taxonomy":"post_tag","embeddable":true,"href":"https:\/\/www.urfabugun.com\/index.php\/wp-json\/wp\/v2\/tags?post=6973"},{"taxonomy":"manset","embeddable":true,"href":"https:\/\/www.urfabugun.com\/index.php\/wp-json\/wp\/v2\/manset?post=6973"}],"curies":[{"name":"wp","href":"https:\/\/api.w.org\/{rel}","templated":true}]}}