{"id":6993,"date":"2023-06-17T17:45:38","date_gmt":"2023-06-17T14:45:38","guid":{"rendered":"https:\/\/www.urfabugun.com\/?p=6993"},"modified":"2023-06-17T17:45:45","modified_gmt":"2023-06-17T14:45:45","slug":"cumhurbaskani-erdogandan-enflasyon-mesaji","status":"publish","type":"post","link":"https:\/\/www.urfabugun.com\/index.php\/2023\/06\/17\/cumhurbaskani-erdogandan-enflasyon-mesaji\/","title":{"rendered":"Cumhurba\u015fkan\u0131 Erdo\u011fan&#8217;dan Enflasyon Mesaj\u0131!"},"content":{"rendered":"\n<p><\/p>\n\n\n\n<p><strong>Cumhurba\u015fkan\u0131 Recep Tayyip Erdo\u011fan, T\u00fcrkiye \u0130hracat\u00e7\u0131lar Meclisi&#8217;nin (T\u0130M) 30. Ola\u011fan Genel Kurulu ve \u0130hracat\u0131n \u015eampiyonlar\u0131 \u00f6d\u00fcl t\u00f6renine kat\u0131ld\u0131. Burada bir konu\u015fma yapan Cumhurba\u015fkan\u0131 Erdo\u011fan, enflasyona y\u00f6nelik \u00f6nemli mesajlar verdi.<\/strong><\/p>\n\n\n\n<p><strong>&#8220;ENFLASYONU TEK HANEL\u0130 RAKAMLARA D\u00dc\u015e\u00dcRECE\u011e\u0130Z&#8221;<\/strong><\/p>\n\n\n\n<p>Enflasyonu tek haneli rakamlara indirecekleri mesaj\u0131n\u0131 yineleyen Cumhurba\u015fkan\u0131 Erdo\u011fan, \u015f\u00f6yle konu\u015ftu: &#8220;Salg\u0131n, deprem ve se\u00e7imlerin yan\u0131nda yakalad\u0131\u011f\u0131m\u0131z bu ivmeyi in\u015fallah kaybetmeyece\u011fiz. Bir s\u00fcredir d\u00fcnya ile birlikte ba\u015f\u0131m\u0131z\u0131 a\u011fr\u0131tan enflasyon meselesini tek haneli rakamlara d\u00fc\u015f\u00fcrece\u011fiz.<\/p>\n","protected":false},"excerpt":{"rendered":"<p>Cumhurba\u015fkan\u0131 Recep Tayyip Erdo\u011fan, T\u00fcrkiye \u0130hracat\u00e7\u0131lar Meclisi&#8217;nin (T\u0130M) 30. Ola\u011fan Genel Kurulu ve \u0130hracat\u0131n \u015eampiyonlar\u0131 \u00f6d\u00fcl&#46;&#46;&#46;<\/p>\n","protected":false},"author":2,"featured_media":6995,"comment_status":"open","ping_status":"open","sticky":false,"template":"","format":"standard","meta":{"inline_featured_image":false,"footnotes":""},"categories":[82],"tags":[162,237,118,213,107],"manset":[],"class_list":["post-6993","post","type-post","status-publish","format-standard","has-post-thumbnail","hentry","category-gundem-haberleri","tag-enflasyon","tag-erdogan","tag-sanliurfa","tag-secim","tag-ub"],"_links":{"self":[{"href":"https:\/\/www.urfabugun.com\/index.php\/wp-json\/wp\/v2\/posts\/6993","targetHints":{"allow":["GET"]}}],"collection":[{"href":"https:\/\/www.urfabugun.com\/index.php\/wp-json\/wp\/v2\/posts"}],"about":[{"href":"https:\/\/www.urfabugun.com\/index.php\/wp-json\/wp\/v2\/types\/post"}],"author":[{"embeddable":true,"href":"https:\/\/www.urfabugun.com\/index.php\/wp-json\/wp\/v2\/users\/2"}],"replies":[{"embeddable":true,"href":"https:\/\/www.urfabugun.com\/index.php\/wp-json\/wp\/v2\/comments?post=6993"}],"version-history":[{"count":0,"href":"https:\/\/www.urfabugun.com\/index.php\/wp-json\/wp\/v2\/posts\/6993\/revisions"}],"wp:featuredmedia":[{"embeddable":true,"href":"https:\/\/www.urfabugun.com\/index.php\/wp-json\/wp\/v2\/media\/6995"}],"wp:attachment":[{"href":"https:\/\/www.urfabugun.com\/index.php\/wp-json\/wp\/v2\/media?parent=6993"}],"wp:term":[{"taxonomy":"category","embeddable":true,"href":"https:\/\/www.urfabugun.com\/index.php\/wp-json\/wp\/v2\/categories?post=6993"},{"taxonomy":"post_tag","embeddable":true,"href":"https:\/\/www.urfabugun.com\/index.php\/wp-json\/wp\/v2\/tags?post=6993"},{"taxonomy":"manset","embeddable":true,"href":"https:\/\/www.urfabugun.com\/index.php\/wp-json\/wp\/v2\/manset?post=6993"}],"curies":[{"name":"wp","href":"https:\/\/api.w.org\/{rel}","templated":true}]}}