{"id":7006,"date":"2023-06-18T09:38:11","date_gmt":"2023-06-18T06:38:11","guid":{"rendered":"https:\/\/www.urfabugun.com\/?p=7006"},"modified":"2023-06-18T09:38:18","modified_gmt":"2023-06-18T06:38:18","slug":"yks-maratonunda-son-viraj-ikinci-oturum-basladi","status":"publish","type":"post","link":"https:\/\/www.urfabugun.com\/index.php\/2023\/06\/18\/yks-maratonunda-son-viraj-ikinci-oturum-basladi\/","title":{"rendered":"YKS Maratonunda Son Viraj: \u0130kinci Oturum Ba\u015flad\u0131!"},"content":{"rendered":"\n<p><\/p>\n\n\n\n<p><strong>T\u00fcrkiye genelinde d\u00fczenlenen Alan Yeterlilik Testleri S\u0131nav\u0131 (AYT) \u015eanl\u0131urfa\u2019da da ba\u015flad\u0131.<\/strong><\/p>\n\n\n\n<p>Milyonlarca aday\u0131n hayalini kurdu\u011fu \u00fcniversite i\u00e7in ger\u00e7ekle\u015ftirilen s\u0131navlar bug\u00fcn tamamlan\u0131yor. Sabah\u0131n erken saatlerinden itibaren okullara gelen \u00f6\u011frenciler, kap\u0131lar\u0131n a\u00e7\u0131lmas\u0131yla birlikte salonlara al\u0131nd\u0131.<\/p>\n\n\n\n<p>\u0130kinci ve \u00fc\u00e7\u00fcnc\u00fc oturum kapsam\u0131nda adaylar Alan Yeterlilik Testi ve Yabanc\u0131 Dil Testi s\u0131navlar\u0131na girecek. S\u0131nav s\u00fcrecinin tamamlanmas\u0131 ile birlikte g\u00f6zler 20 Temmuz\u2019da \u00e7\u0131kacak sonu\u00e7lara \u00e7evrilecek.<\/p>\n\n\n\n<p><strong>AYT&#8217;YE KA\u00c7 ADAY KATILACAK?<\/strong><\/p>\n\n\n\n<p>AYT&#8217;ye 2 milyon 573 bin 156 aday kat\u0131lacak. S\u0131nav, 8 bin 789 binada, 150 bin 140 salonda uygulanacak. AYT&#8217;de 345 bin 898 ki\u015fi g\u00f6rev alacak.<\/p>\n","protected":false},"excerpt":{"rendered":"<p>T\u00fcrkiye genelinde d\u00fczenlenen Alan Yeterlilik Testleri S\u0131nav\u0131 (AYT) \u015eanl\u0131urfa\u2019da da ba\u015flad\u0131. Milyonlarca aday\u0131n hayalini kurdu\u011fu \u00fcniversite&#46;&#46;&#46;<\/p>\n","protected":false},"author":2,"featured_media":7008,"comment_status":"open","ping_status":"open","sticky":false,"template":"","format":"standard","meta":{"inline_featured_image":false,"footnotes":""},"categories":[82,79],"tags":[1501,118,107,608,770],"manset":[],"class_list":["post-7006","post","type-post","status-publish","format-standard","has-post-thumbnail","hentry","category-gundem-haberleri","category-egitim-haberleri","tag-ayt","tag-sanliurfa","tag-ub","tag-urfa-bugun","tag-yks"],"_links":{"self":[{"href":"https:\/\/www.urfabugun.com\/index.php\/wp-json\/wp\/v2\/posts\/7006","targetHints":{"allow":["GET"]}}],"collection":[{"href":"https:\/\/www.urfabugun.com\/index.php\/wp-json\/wp\/v2\/posts"}],"about":[{"href":"https:\/\/www.urfabugun.com\/index.php\/wp-json\/wp\/v2\/types\/post"}],"author":[{"embeddable":true,"href":"https:\/\/www.urfabugun.com\/index.php\/wp-json\/wp\/v2\/users\/2"}],"replies":[{"embeddable":true,"href":"https:\/\/www.urfabugun.com\/index.php\/wp-json\/wp\/v2\/comments?post=7006"}],"version-history":[{"count":0,"href":"https:\/\/www.urfabugun.com\/index.php\/wp-json\/wp\/v2\/posts\/7006\/revisions"}],"wp:featuredmedia":[{"embeddable":true,"href":"https:\/\/www.urfabugun.com\/index.php\/wp-json\/wp\/v2\/media\/7008"}],"wp:attachment":[{"href":"https:\/\/www.urfabugun.com\/index.php\/wp-json\/wp\/v2\/media?parent=7006"}],"wp:term":[{"taxonomy":"category","embeddable":true,"href":"https:\/\/www.urfabugun.com\/index.php\/wp-json\/wp\/v2\/categories?post=7006"},{"taxonomy":"post_tag","embeddable":true,"href":"https:\/\/www.urfabugun.com\/index.php\/wp-json\/wp\/v2\/tags?post=7006"},{"taxonomy":"manset","embeddable":true,"href":"https:\/\/www.urfabugun.com\/index.php\/wp-json\/wp\/v2\/manset?post=7006"}],"curies":[{"name":"wp","href":"https:\/\/api.w.org\/{rel}","templated":true}]}}