{"id":7129,"date":"2023-06-21T15:02:16","date_gmt":"2023-06-21T12:02:16","guid":{"rendered":"https:\/\/www.urfabugun.com\/?p=7129"},"modified":"2023-06-21T15:02:23","modified_gmt":"2023-06-21T12:02:23","slug":"yeni-duzenleme-kapida-ikinci-el-arac-fiyati-sifir-fiyatini-gecemeyecek","status":"publish","type":"post","link":"https:\/\/www.urfabugun.com\/index.php\/2023\/06\/21\/yeni-duzenleme-kapida-ikinci-el-arac-fiyati-sifir-fiyatini-gecemeyecek\/","title":{"rendered":"Yeni D\u00fczenleme Kap\u0131da: \u0130kinci El Ara\u00e7 Fiyat\u0131 S\u0131f\u0131r Fiyat\u0131n\u0131 Ge\u00e7emeyecek!"},"content":{"rendered":"\n<p><\/p>\n\n\n\n<p><strong>Ticaret Bakan\u0131 \u00d6mer Bolat, internet ortam\u0131nda sat\u0131lan ikinci el ara\u00e7 fiyatlar\u0131n\u0131n s\u0131f\u0131r ara\u00e7 fiyat\u0131n\u0131 ge\u00e7emeyece\u011fini a\u00e7\u0131klad\u0131.<\/strong><\/p>\n\n\n\n<p>Otomotiv sekt\u00f6r\u00fcnde fahi\u015f fiyatlara ili\u015fkin yeni bir ad\u0131m at\u0131l\u0131yor. Ticaret Bakan\u0131 \u00d6mer Bolat, AK Parti grup toplant\u0131s\u0131 \u00f6ncesinde T\u00fcrkiye B\u00fcy\u00fck Millet Meclisinde gazetecilerin sorular\u0131n\u0131 yan\u0131tlad\u0131.<\/p>\n\n\n\n<p>Bakan Bolat, internet ortam\u0131nda sat\u0131lan ikinci el ara\u00e7 fiyat\u0131n\u0131n s\u0131f\u0131r ara\u00e7 fiyat\u0131n\u0131 ge\u00e7emeyece\u011fini a\u00e7\u0131klad\u0131.<\/p>\n\n\n\n<p><strong>&#8220;TEMMUZ-A\u011eUSTOSTA DENGELENME G\u00d6RECE\u011e\u0130Z&#8221;<\/strong><\/p>\n\n\n\n<p>Bakan Bolat, &#8220;Bu konuya ili\u015fkin t\u00fcm online sat\u0131\u015f siteleri ile de g\u00f6r\u00fc\u015f\u00fcld\u00fc. Temmuz-a\u011fustos gibi fiyatlarda dengelenmeyi g\u00f6rece\u011fiz.&#8221; dedi.<\/p>\n\n\n\n<p><strong>&#8220;6 AY 6 B\u0130N K\u0130LOMETRE&#8221; SINIRI UZATILDI<\/strong><\/p>\n\n\n\n<p>Ticaret Bakanl\u0131\u011f\u0131 son olarak otomotiv sekt\u00f6r\u00fcndeki &#8220;6 ay ve 6 bin kilometre&#8221; d\u00fczenlemesini uzatm\u0131\u015f ve kapsam\u0131 geni\u015fletmi\u015fti. Ticari faaliyet olarak de\u011ferlendirilen bireysel sat\u0131\u015flar da 6 ay 6 bin kilometre s\u0131n\u0131r\u0131 kapsam\u0131na al\u0131nm\u0131\u015ft\u0131.<\/p>\n","protected":false},"excerpt":{"rendered":"<p>Ticaret Bakan\u0131 \u00d6mer Bolat, internet ortam\u0131nda sat\u0131lan ikinci el ara\u00e7 fiyatlar\u0131n\u0131n s\u0131f\u0131r ara\u00e7 fiyat\u0131n\u0131 ge\u00e7emeyece\u011fini a\u00e7\u0131klad\u0131.&#46;&#46;&#46;<\/p>\n","protected":false},"author":2,"featured_media":7131,"comment_status":"open","ping_status":"open","sticky":false,"template":"","format":"standard","meta":{"inline_featured_image":false,"footnotes":""},"categories":[80],"tags":[357,138,2079,107],"manset":[],"class_list":["post-7129","post","type-post","status-publish","format-standard","has-post-thumbnail","hentry","category-ekonomi-haberleri","tag-araba","tag-ekonomi","tag-ikinci-el-araba","tag-ub"],"_links":{"self":[{"href":"https:\/\/www.urfabugun.com\/index.php\/wp-json\/wp\/v2\/posts\/7129","targetHints":{"allow":["GET"]}}],"collection":[{"href":"https:\/\/www.urfabugun.com\/index.php\/wp-json\/wp\/v2\/posts"}],"about":[{"href":"https:\/\/www.urfabugun.com\/index.php\/wp-json\/wp\/v2\/types\/post"}],"author":[{"embeddable":true,"href":"https:\/\/www.urfabugun.com\/index.php\/wp-json\/wp\/v2\/users\/2"}],"replies":[{"embeddable":true,"href":"https:\/\/www.urfabugun.com\/index.php\/wp-json\/wp\/v2\/comments?post=7129"}],"version-history":[{"count":0,"href":"https:\/\/www.urfabugun.com\/index.php\/wp-json\/wp\/v2\/posts\/7129\/revisions"}],"wp:featuredmedia":[{"embeddable":true,"href":"https:\/\/www.urfabugun.com\/index.php\/wp-json\/wp\/v2\/media\/7131"}],"wp:attachment":[{"href":"https:\/\/www.urfabugun.com\/index.php\/wp-json\/wp\/v2\/media?parent=7129"}],"wp:term":[{"taxonomy":"category","embeddable":true,"href":"https:\/\/www.urfabugun.com\/index.php\/wp-json\/wp\/v2\/categories?post=7129"},{"taxonomy":"post_tag","embeddable":true,"href":"https:\/\/www.urfabugun.com\/index.php\/wp-json\/wp\/v2\/tags?post=7129"},{"taxonomy":"manset","embeddable":true,"href":"https:\/\/www.urfabugun.com\/index.php\/wp-json\/wp\/v2\/manset?post=7129"}],"curies":[{"name":"wp","href":"https:\/\/api.w.org\/{rel}","templated":true}]}}