{"id":7243,"date":"2023-06-25T19:26:46","date_gmt":"2023-06-25T16:26:46","guid":{"rendered":"https:\/\/www.urfabugun.com\/?p=7243"},"modified":"2023-06-25T19:26:52","modified_gmt":"2023-06-25T16:26:52","slug":"sanliurfada-turizmciler-cifte-bayram-yasayacak","status":"publish","type":"post","link":"https:\/\/www.urfabugun.com\/index.php\/2023\/06\/25\/sanliurfada-turizmciler-cifte-bayram-yasayacak\/","title":{"rendered":"\u015eanl\u0131urfa&#8217;da Turizmciler \u00c7ifte Bayram Ya\u015fayacak!"},"content":{"rendered":"\n<p><\/p>\n\n\n\n<p>G\u00fcneydo\u011fu&#8217;nun k\u00fclt\u00fcr ve gastronomi alan\u0131n\u0131n \u00f6nde gelen kentlerinden Gaziantep ve \u015eanl\u0131urfa&#8217;da, 9 g\u00fcnl\u00fck Kurban Bayram\u0131 tatilinde turizm hareketlili\u011fi ya\u015fanacak.<\/p>\n\n\n\n<p>K\u00fclt\u00fcr ve inan\u00e7 turizminin bir arada sunuldu\u011fu \u015eanl\u0131urfa&#8217;da ise Hazreti \u0130brahim&#8217;in do\u011fdu\u011fu ve ate\u015fe at\u0131ld\u0131\u011f\u0131 yer olarak rivayet edilen Bal\u0131kl\u0131g\u00f6l, &#8220;tarihin s\u0131f\u0131r noktas\u0131&#8221; diye nitelendirilen UNESCO D\u00fcnya Miras\u0131 Listesi&#8217;ndeki G\u00f6beklitepe, Karahantepe, konik kubbeli evleriyle bilinen tarihi Harran il\u00e7esi ve do\u011fal g\u00fczellikleriyle dikkati \u00e7eken Halfeti, misafirlerin en \u00e7ok ilgi g\u00f6sterdi\u011fi yerlerin ba\u015f\u0131nda geliyor.<\/p>\n\n\n\n<figure class=\"wp-block-gallery has-nested-images columns-default is-cropped wp-block-gallery-1 is-layout-flex wp-block-gallery-is-layout-flex\">\n<figure class=\"wp-block-image size-large\"><img loading=\"lazy\" decoding=\"async\" width=\"1024\" height=\"683\" data-id=\"7246\" src=\"https:\/\/www.urfabugun.com\/wp-content\/uploads\/2023\/06\/AA-20230625-31519635-31519633-SANLIURFADA_TURIZMCILER_CIFTE_BAYRAM_YASAYACAK-1024x683.jpg\" alt=\"\" class=\"wp-image-7246\"\/><figcaption class=\"wp-element-caption\">G\u00fcneydo\u011fu&#8217;nun k\u00fclt\u00fcr ve gastronomi alan\u0131n\u0131n \u00f6nde gelen kentleri Gaziantep ve \u015eanl\u0131urfa&#8217;da, 9 g\u00fcnl\u00fck Kurban Bayram\u0131 tatilinde turizm hareketlili\u011fi ya\u015fanacak. \u015eanl\u0131urfa B\u00fcy\u00fck\u015fehir Belediye Ba\u015fkan\u0131 Zeynel Abidin Beyazg\u00fcl, (foto\u011frafta) 9 g\u00fcnl\u00fck bayram tatilinin kenti g\u00f6rmek isteyenler i\u00e7in bir f\u0131rsat oldu\u011funu s\u00f6yledi. ( M\u00fcsl\u00fcm Etg\u00fc &#8211; Anadolu Ajans\u0131 )<\/figcaption><\/figure>\n<\/figure>\n\n\n\n<p><\/p>\n\n\n\n<p><strong>&#8220;GEL\u0130N, \u015eU 9 G\u00dcNL\u00dcK G\u00dcZEL TAT\u0130L\u0130 BURADA DE\u011eERLEND\u0130R\u0130N&#8221;<\/strong><\/p>\n\n\n\n<p>\u015eanl\u0131urfa B\u00fcy\u00fck\u015fehir Belediye Ba\u015fkan\u0131 Zeynel Abidin Beyazg\u00fcl, 9 g\u00fcnl\u00fck bayram tatilinin kenti g\u00f6rmek isteyenler i\u00e7in bir f\u0131rsat oldu\u011funu s\u00f6yledi.<\/p>\n\n\n\n<blockquote class=\"wp-block-quote is-layout-flow wp-block-quote-is-layout-flow\">\n<p>\u015eanl\u0131urfa&#8217;n\u0131n k\u00fclt\u00fcr ve gastronomi turizmi i\u00e7in \u00e7ok iyi bir merkez oldu\u011funu belirten Beyazg\u00fcl, \u015f\u00f6yle konu\u015ftu: &#8220;Tarihi sokaklar\u0131nda gezip, tarihi ya\u015famam\u0131z, tarihin 100-200 y\u0131l \u00f6ncesine d\u00f6nmemiz m\u00fcmk\u00fcn olan bir \u015fehir ve yine s\u0131ra gecelerimiz e\u015fli\u011finde m\u00fczik dinleyece\u011fimiz bir \u015fehir. Zaten s\u0131ra gecesi ve \u00e7i\u011f k\u00f6fte T\u00fcrkiye&#8217;de me\u015fhur. Art\u0131k bunlar sofralar\u0131m\u0131z\u0131n vazge\u00e7ilmezi haline gelmi\u015f. E\u011fer bir m\u00fczik e\u015fli\u011finde tarihi bir mekanda g\u00fczel bir lezzetle tan\u0131\u015fmak, bulu\u015fmak istiyorsan\u0131z bunun adresi \u015eanl\u0131urfa. Yine bizim tarihimiz nereden ba\u015flam\u0131\u015f? \u0130lk insan nas\u0131l ya\u015fam\u0131\u015f? O bizim bildi\u011fimiz ilk insan m\u0131? Farkl\u0131 bir insan m\u0131? Tarihin ilk noktas\u0131ndan itibaren insanl\u0131\u011f\u0131 tan\u0131mak istiyorsa insan yine \u015eanl\u0131urfa&#8217;ya gelecek. \u015eanl\u0131urfa&#8217;daki bulu\u015flar \u015funu g\u00f6steriyor; insanlar bir g\u00fcn bunlar\u0131 g\u00f6rmek i\u00e7in benim atalar\u0131m, dedelerim nas\u0131l ya\u015fad\u0131? Bu peygamberler neler yapt\u0131? Bunu anlamak i\u00e7in \u015eanl\u0131urfa&#8217;ya gelecekler. Bir an \u00f6nce gelin \u015fu 9 g\u00fcnl\u00fck g\u00fczel tatili burada de\u011ferlendirin.&#8221;<\/p>\n<\/blockquote>\n","protected":false},"excerpt":{"rendered":"<p>G\u00fcneydo\u011fu&#8217;nun k\u00fclt\u00fcr ve gastronomi alan\u0131n\u0131n \u00f6nde gelen kentlerinden Gaziantep ve \u015eanl\u0131urfa&#8217;da, 9 g\u00fcnl\u00fck Kurban Bayram\u0131 tatilinde&#46;&#46;&#46;<\/p>\n","protected":false},"author":2,"featured_media":7247,"comment_status":"open","ping_status":"open","sticky":false,"template":"","format":"standard","meta":{"inline_featured_image":false,"footnotes":""},"categories":[92],"tags":[1012,1198,118,1615,107,173,994],"manset":[],"class_list":["post-7243","post","type-post","status-publish","format-standard","has-post-thumbnail","hentry","category-yasam-haberleri","tag-bayram","tag-kurban-bayrami","tag-sanliurfa","tag-turizm","tag-ub","tag-zeynel-abidin-beyazgul","tag-zeynel-abidin-beyazgul-2"],"_links":{"self":[{"href":"https:\/\/www.urfabugun.com\/index.php\/wp-json\/wp\/v2\/posts\/7243","targetHints":{"allow":["GET"]}}],"collection":[{"href":"https:\/\/www.urfabugun.com\/index.php\/wp-json\/wp\/v2\/posts"}],"about":[{"href":"https:\/\/www.urfabugun.com\/index.php\/wp-json\/wp\/v2\/types\/post"}],"author":[{"embeddable":true,"href":"https:\/\/www.urfabugun.com\/index.php\/wp-json\/wp\/v2\/users\/2"}],"replies":[{"embeddable":true,"href":"https:\/\/www.urfabugun.com\/index.php\/wp-json\/wp\/v2\/comments?post=7243"}],"version-history":[{"count":0,"href":"https:\/\/www.urfabugun.com\/index.php\/wp-json\/wp\/v2\/posts\/7243\/revisions"}],"wp:featuredmedia":[{"embeddable":true,"href":"https:\/\/www.urfabugun.com\/index.php\/wp-json\/wp\/v2\/media\/7247"}],"wp:attachment":[{"href":"https:\/\/www.urfabugun.com\/index.php\/wp-json\/wp\/v2\/media?parent=7243"}],"wp:term":[{"taxonomy":"category","embeddable":true,"href":"https:\/\/www.urfabugun.com\/index.php\/wp-json\/wp\/v2\/categories?post=7243"},{"taxonomy":"post_tag","embeddable":true,"href":"https:\/\/www.urfabugun.com\/index.php\/wp-json\/wp\/v2\/tags?post=7243"},{"taxonomy":"manset","embeddable":true,"href":"https:\/\/www.urfabugun.com\/index.php\/wp-json\/wp\/v2\/manset?post=7243"}],"curies":[{"name":"wp","href":"https:\/\/api.w.org\/{rel}","templated":true}]}}