{"id":7249,"date":"2023-06-26T10:04:22","date_gmt":"2023-06-26T07:04:22","guid":{"rendered":"https:\/\/www.urfabugun.com\/?p=7249"},"modified":"2023-06-26T10:04:29","modified_gmt":"2023-06-26T07:04:29","slug":"bayram-haftasi-sanliurfada-havalar-nasil-olacak","status":"publish","type":"post","link":"https:\/\/www.urfabugun.com\/index.php\/2023\/06\/26\/bayram-haftasi-sanliurfada-havalar-nasil-olacak\/","title":{"rendered":"Bayram Haftas\u0131 \u015eanl\u0131urfa\u2019da Havalar Nas\u0131l Olacak?"},"content":{"rendered":"\n<p><\/p>\n\n\n\n<p><strong>Kurban Bayram\u0131 s\u00fcresince yurt genelinde g\u00fcne\u015fli bir hava beklenirken, kuzey kesimlerde aral\u0131klarla ya\u011f\u0131\u015f g\u00f6r\u00fclecek. Hava s\u0131cakl\u0131klar\u0131 ise bat\u0131 ve g\u00fcney k\u0131y\u0131lar\u0131 ile \u015eanl\u0131urfa&#8217;da mevsim normallerinin \u00fczerinde seyredecek.<\/strong><\/p>\n\n\n\n<p>Meteoroloji Genel M\u00fcd\u00fcrl\u00fc\u011f\u00fc taraf\u0131ndan yap\u0131lan son de\u011ferlendirmelere g\u00f6re, Kurban Bayram\u0131&#8217;nda hava yurt genelinde az bulutlu ve g\u00fcne\u015fli ge\u00e7ecek.<\/p>\n\n\n\n<p>Hava s\u0131cakl\u0131klar\u0131n\u0131n \u00fclke genelinde mevsim normalleri civar\u0131nda seyredece\u011fi tahmin edilirken, K\u0131y\u0131 Ege, Akdeniz&#8217;in k\u0131y\u0131 kesimleri ile G\u00fcneydo\u011fu Anadolu&#8217;da hava s\u0131cakl\u0131klar\u0131 mevsim normallerinin \u00fczerinde seyredecek.<\/p>\n\n\n\n<p>Bayram\u0131n birinci g\u00fcn\u00fc \u015eanl\u0131urfa&#8217;da g\u00fcne\u015fli hava hakim olacak ve termometreler 39 santigrat dereceyi g\u00f6sterecek.<\/p>\n\n\n\n<p>Bayram\u0131n ikinci g\u00fcn\u00fc yurt genelinde g\u00fcne\u015fli ve s\u0131cak hava etkili olacak. \u015eanl\u0131urfa&#8217;da da y\u00fcksek s\u0131cakl\u0131k ve a\u00e7\u0131k hava h\u00e2kim olacak.<\/p>\n\n\n\n<p>Bayram\u0131n \u00fc\u00e7\u00fcnc\u00fc g\u00fcn\u00fc, yurt genelinde a\u00e7\u0131k ve g\u00fcne\u015fli hava etkili olacak. \u015eanl\u0131urfa&#8217;da en y\u00fcksek s\u0131cakl\u0131k 38 dereceye olacak iken, en d\u00fc\u015f\u00fck s\u0131cakl\u0131klar da 24 derece olacak..<\/p>\n","protected":false},"excerpt":{"rendered":"<p>Kurban Bayram\u0131 s\u00fcresince yurt genelinde g\u00fcne\u015fli bir hava beklenirken, kuzey kesimlerde aral\u0131klarla ya\u011f\u0131\u015f g\u00f6r\u00fclecek. Hava s\u0131cakl\u0131klar\u0131&#46;&#46;&#46;<\/p>\n","protected":false},"author":2,"featured_media":7251,"comment_status":"open","ping_status":"open","sticky":false,"template":"","format":"standard","meta":{"inline_featured_image":false,"footnotes":""},"categories":[92],"tags":[108,1198,118,131,107,93],"manset":[],"class_list":["post-7249","post","type-post","status-publish","format-standard","has-post-thumbnail","hentry","category-yasam-haberleri","tag-hava-durumu","tag-kurban-bayrami","tag-sanliurfa","tag-son-dakika","tag-ub","tag-ust"],"_links":{"self":[{"href":"https:\/\/www.urfabugun.com\/index.php\/wp-json\/wp\/v2\/posts\/7249","targetHints":{"allow":["GET"]}}],"collection":[{"href":"https:\/\/www.urfabugun.com\/index.php\/wp-json\/wp\/v2\/posts"}],"about":[{"href":"https:\/\/www.urfabugun.com\/index.php\/wp-json\/wp\/v2\/types\/post"}],"author":[{"embeddable":true,"href":"https:\/\/www.urfabugun.com\/index.php\/wp-json\/wp\/v2\/users\/2"}],"replies":[{"embeddable":true,"href":"https:\/\/www.urfabugun.com\/index.php\/wp-json\/wp\/v2\/comments?post=7249"}],"version-history":[{"count":0,"href":"https:\/\/www.urfabugun.com\/index.php\/wp-json\/wp\/v2\/posts\/7249\/revisions"}],"wp:featuredmedia":[{"embeddable":true,"href":"https:\/\/www.urfabugun.com\/index.php\/wp-json\/wp\/v2\/media\/7251"}],"wp:attachment":[{"href":"https:\/\/www.urfabugun.com\/index.php\/wp-json\/wp\/v2\/media?parent=7249"}],"wp:term":[{"taxonomy":"category","embeddable":true,"href":"https:\/\/www.urfabugun.com\/index.php\/wp-json\/wp\/v2\/categories?post=7249"},{"taxonomy":"post_tag","embeddable":true,"href":"https:\/\/www.urfabugun.com\/index.php\/wp-json\/wp\/v2\/tags?post=7249"},{"taxonomy":"manset","embeddable":true,"href":"https:\/\/www.urfabugun.com\/index.php\/wp-json\/wp\/v2\/manset?post=7249"}],"curies":[{"name":"wp","href":"https:\/\/api.w.org\/{rel}","templated":true}]}}