{"id":7336,"date":"2023-06-30T10:24:37","date_gmt":"2023-06-30T07:24:37","guid":{"rendered":"https:\/\/www.urfabugun.com\/?p=7336"},"modified":"2023-06-30T10:24:44","modified_gmt":"2023-06-30T07:24:44","slug":"meksikada-asiri-sicaklar-artiyor-olu-sayisi-112ye-yukseldi","status":"publish","type":"post","link":"https:\/\/www.urfabugun.com\/index.php\/2023\/06\/30\/meksikada-asiri-sicaklar-artiyor-olu-sayisi-112ye-yukseldi\/","title":{"rendered":"Meksika&#8217;da A\u015f\u0131r\u0131 S\u0131caklar Art\u0131yor: \u00d6l\u00fc Say\u0131s\u0131 112&#8217;ye Y\u00fckseldi!"},"content":{"rendered":"\n<p><\/p>\n\n\n\n<p><strong>A\u015f\u0131r\u0131 s\u0131cak hava dalgas\u0131n\u0131n etkisinde olan Meksika&#8217;da havaya ba\u011fl\u0131 hayat\u0131n\u0131 kaybedenlerin say\u0131s\u0131 112&#8217;ye y\u00fckseldi. D\u00fcnya genelinde ya\u015fanan iklim krizinin etkileri s\u00fcr\u00fcyor.<\/strong><\/p>\n\n\n\n<p>Hindistan&#8217;\u0131n ard\u0131ndan Meksika&#8217;da da s\u0131cak hava dalgas\u0131 nedeniyle hayat\u0131n\u0131 kaybedenlerin say\u0131s\u0131 100&#8217;\u00fc a\u015ft\u0131.<\/p>\n\n\n\n<p>\u00dclkenin kuzeybat\u0131s\u0131 ve g\u00fcneydo\u011fusundaki rekor s\u0131cakl\u0131klar nedeniyle can kay\u0131plar\u0131 h\u0131zla art\u0131yor. En \u00e7ok kayb\u0131n ya\u015fand\u0131\u011f\u0131 eyaletlerden Nuevo Leon&#8217;da 64, Tamaulipas&#8217;ta 19, Veracruz&#8217;da 15 ve Tabasco&#8217;da ise 14 ki\u015fi hayat\u0131n\u0131 kaybetti.<\/p>\n\n\n\n<p><strong>DI\u015eARI \u00c7IKMAYIN UYARISI<\/strong><\/p>\n\n\n\n<p>Anadolu Ajans\u0131&#8217;n\u0131n haberine g\u00f6re; sa\u011fl\u0131k Bakanl\u0131\u011f\u0131 a\u00e7\u0131klamada, \u00f6lenlerin ya\u015f aral\u0131\u011f\u0131n\u0131n 45 ila 64 oldu\u011fu ve 112 ki\u015fiden 104&#8217;\u00fcn\u00fcn s\u0131cak \u00e7arpmas\u0131na ba\u011fl\u0131 olarak hayat\u0131n\u0131 kaybetti\u011fi bildirildi.<\/p>\n\n\n\n<p>Ulusal Meteoroloji Servisi (SMN) 20 Haziran&#8217;daki a\u00e7\u0131klamas\u0131nda, \u00fclke geneli s\u0131cak hava dalgas\u0131n\u0131n 10 ila 15 g\u00fcn daha s\u00fcrmesinin beklendi\u011fini duyurmu\u015f, kronik hastalar\u0131n zorunlu olmad\u0131k\u00e7a belirli saatlerde d\u0131\u015far\u0131 \u00e7\u0131kmamas\u0131 tavsiyesinde bulunmu\u015ftu.<\/p>\n\n\n\n<p>S\u0131cakl\u0131\u011f\u0131n 40 dereceyi a\u015ft\u0131\u011f\u0131 Meksika&#8217;da, &#8220;son y\u0131llar\u0131n en bunalt\u0131c\u0131 g\u00fcnlerinin ya\u015fand\u0131\u011f\u0131&#8221; bilgisi payla\u015f\u0131lm\u0131\u015ft\u0131.<\/p>\n","protected":false},"excerpt":{"rendered":"<p>A\u015f\u0131r\u0131 s\u0131cak hava dalgas\u0131n\u0131n etkisinde olan Meksika&#8217;da havaya ba\u011fl\u0131 hayat\u0131n\u0131 kaybedenlerin say\u0131s\u0131 112&#8217;ye y\u00fckseldi. D\u00fcnya genelinde&#46;&#46;&#46;<\/p>\n","protected":false},"author":2,"featured_media":7338,"comment_status":"open","ping_status":"open","sticky":false,"template":"","format":"standard","meta":{"inline_featured_image":false,"footnotes":""},"categories":[78],"tags":[2138,2139,1943,107,93],"manset":[],"class_list":["post-7336","post","type-post","status-publish","format-standard","has-post-thumbnail","hentry","category-dunya-haberleri","tag-meksika","tag-meksikada-asiri-sicaklar-artiyor-olu-sayisi-112ye-yukseldi","tag-sicak","tag-ub","tag-ust"],"_links":{"self":[{"href":"https:\/\/www.urfabugun.com\/index.php\/wp-json\/wp\/v2\/posts\/7336","targetHints":{"allow":["GET"]}}],"collection":[{"href":"https:\/\/www.urfabugun.com\/index.php\/wp-json\/wp\/v2\/posts"}],"about":[{"href":"https:\/\/www.urfabugun.com\/index.php\/wp-json\/wp\/v2\/types\/post"}],"author":[{"embeddable":true,"href":"https:\/\/www.urfabugun.com\/index.php\/wp-json\/wp\/v2\/users\/2"}],"replies":[{"embeddable":true,"href":"https:\/\/www.urfabugun.com\/index.php\/wp-json\/wp\/v2\/comments?post=7336"}],"version-history":[{"count":0,"href":"https:\/\/www.urfabugun.com\/index.php\/wp-json\/wp\/v2\/posts\/7336\/revisions"}],"wp:featuredmedia":[{"embeddable":true,"href":"https:\/\/www.urfabugun.com\/index.php\/wp-json\/wp\/v2\/media\/7338"}],"wp:attachment":[{"href":"https:\/\/www.urfabugun.com\/index.php\/wp-json\/wp\/v2\/media?parent=7336"}],"wp:term":[{"taxonomy":"category","embeddable":true,"href":"https:\/\/www.urfabugun.com\/index.php\/wp-json\/wp\/v2\/categories?post=7336"},{"taxonomy":"post_tag","embeddable":true,"href":"https:\/\/www.urfabugun.com\/index.php\/wp-json\/wp\/v2\/tags?post=7336"},{"taxonomy":"manset","embeddable":true,"href":"https:\/\/www.urfabugun.com\/index.php\/wp-json\/wp\/v2\/manset?post=7336"}],"curies":[{"name":"wp","href":"https:\/\/api.w.org\/{rel}","templated":true}]}}