{"id":7369,"date":"2023-07-01T17:03:44","date_gmt":"2023-07-01T14:03:44","guid":{"rendered":"https:\/\/www.urfabugun.com\/?p=7369"},"modified":"2023-07-01T17:03:51","modified_gmt":"2023-07-01T14:03:51","slug":"meb-resmen-acikladi-okullar-ne-zaman-acilacak","status":"publish","type":"post","link":"https:\/\/www.urfabugun.com\/index.php\/2023\/07\/01\/meb-resmen-acikladi-okullar-ne-zaman-acilacak\/","title":{"rendered":"MEB Resmen A\u00e7\u0131klad\u0131: Okullar Ne Zaman A\u00e7\u0131lacak?"},"content":{"rendered":"\n<p><\/p>\n\n\n\n<p><strong>Milli E\u011fitim Bakanl\u0131\u011f\u0131, 81 ile yaz okullar\u0131 ile ilgili g\u00f6nderdi\u011fi genelgede okullar\u0131n 1 A\u011fustos tarihi itibar\u0131yla a\u00e7\u0131laca\u011f\u0131 bildirildi.<\/strong><\/p>\n\n\n\n<p>Milli E\u011fitim Bakanl\u0131\u011f\u0131 81 ile g\u00f6nderdi\u011fi genelge yaz\u0131s\u0131 ile okullar\u0131n a\u00e7\u0131l\u0131\u015f tarihine ili\u015fkin karar\u0131n\u0131 duyurdu.<\/p>\n\n\n\n<p>Buna g\u00f6re, eyl\u00fcl ay\u0131nda a\u00e7\u0131lmas\u0131 beklenen okullar, 1 A\u011fustos tarihi itibar\u0131yla e\u011fitime ba\u015flayacaklar.<\/p>\n","protected":false},"excerpt":{"rendered":"<p>Milli E\u011fitim Bakanl\u0131\u011f\u0131, 81 ile yaz okullar\u0131 ile ilgili g\u00f6nderdi\u011fi genelgede okullar\u0131n 1 A\u011fustos tarihi itibar\u0131yla&#46;&#46;&#46;<\/p>\n","protected":false},"author":2,"featured_media":7371,"comment_status":"open","ping_status":"open","sticky":false,"template":"","format":"standard","meta":{"inline_featured_image":false,"footnotes":""},"categories":[79],"tags":[1035,2153,2155,2154,107,93],"manset":[],"class_list":["post-7369","post","type-post","status-publish","format-standard","has-post-thumbnail","hentry","category-egitim-haberleri","tag-meb","tag-meb-resmen-acikladi-okullar-ne-zaman-acilacak","tag-okullarin-acilacagi-tarih-belli-oldu","tag-sanliiurfa","tag-ub","tag-ust"],"_links":{"self":[{"href":"https:\/\/www.urfabugun.com\/index.php\/wp-json\/wp\/v2\/posts\/7369","targetHints":{"allow":["GET"]}}],"collection":[{"href":"https:\/\/www.urfabugun.com\/index.php\/wp-json\/wp\/v2\/posts"}],"about":[{"href":"https:\/\/www.urfabugun.com\/index.php\/wp-json\/wp\/v2\/types\/post"}],"author":[{"embeddable":true,"href":"https:\/\/www.urfabugun.com\/index.php\/wp-json\/wp\/v2\/users\/2"}],"replies":[{"embeddable":true,"href":"https:\/\/www.urfabugun.com\/index.php\/wp-json\/wp\/v2\/comments?post=7369"}],"version-history":[{"count":0,"href":"https:\/\/www.urfabugun.com\/index.php\/wp-json\/wp\/v2\/posts\/7369\/revisions"}],"wp:featuredmedia":[{"embeddable":true,"href":"https:\/\/www.urfabugun.com\/index.php\/wp-json\/wp\/v2\/media\/7371"}],"wp:attachment":[{"href":"https:\/\/www.urfabugun.com\/index.php\/wp-json\/wp\/v2\/media?parent=7369"}],"wp:term":[{"taxonomy":"category","embeddable":true,"href":"https:\/\/www.urfabugun.com\/index.php\/wp-json\/wp\/v2\/categories?post=7369"},{"taxonomy":"post_tag","embeddable":true,"href":"https:\/\/www.urfabugun.com\/index.php\/wp-json\/wp\/v2\/tags?post=7369"},{"taxonomy":"manset","embeddable":true,"href":"https:\/\/www.urfabugun.com\/index.php\/wp-json\/wp\/v2\/manset?post=7369"}],"curies":[{"name":"wp","href":"https:\/\/api.w.org\/{rel}","templated":true}]}}