{"id":7393,"date":"2023-07-02T12:04:18","date_gmt":"2023-07-02T09:04:18","guid":{"rendered":"https:\/\/www.urfabugun.com\/?p=7393"},"modified":"2023-07-02T12:04:24","modified_gmt":"2023-07-02T09:04:24","slug":"kurban-bayraminda-30-bin-kisi-hastanelik-oldu","status":"publish","type":"post","link":"https:\/\/www.urfabugun.com\/index.php\/2023\/07\/02\/kurban-bayraminda-30-bin-kisi-hastanelik-oldu\/","title":{"rendered":"Kurban Bayram\u0131\u2019nda 30 Bin Ki\u015fi Hastanelik Oldu!"},"content":{"rendered":"\n<p><\/p>\n\n\n\n<p><strong>Sa\u011fl\u0131k Bakan\u0131 Fahrettin Koca, &#8220;Kurban bayram\u0131 boyunca kesim i\u015flemi s\u0131ras\u0131nda ya\u015fanan kazalar sebebi ile 951 ki\u015fi ambulansla al\u0131narak, 29.032 ki\u015fi ise bizzat ba\u015fvurarak sa\u011fl\u0131k kurumlar\u0131m\u0131zda tedavi g\u00f6rd\u00fc&#8221; dedi.<\/strong><\/p>\n\n\n\n<p>Sa\u011fl\u0131k Bakan\u0131 Fahrettin Koca, sosyal medya hesab\u0131ndan a\u00e7\u0131klamada bulundu.<\/p>\n\n\n\n<p>Bayramda kurban keserken yaralanan ki\u015fi say\u0131s\u0131 hakk\u0131nda bilgi veren Koca, \u015fu ifadeleri kulland\u0131;<\/p>\n\n\n\n<blockquote class=\"wp-block-quote is-layout-flow wp-block-quote-is-layout-flow\">\n<p><strong>\u201cHEP\u0130M\u0130Z \u0130\u00c7\u0130N \u00dcZ\u00dcC\u00dc\u201d<\/strong><\/p>\n\n\n\n<p>Kurban bayram\u0131 boyunca kesim i\u015flemi s\u0131ras\u0131nda ya\u015fanan kazalar sebebi ile 951 ki\u015fi ambulansla al\u0131narak, 29.032 ki\u015fi ise bizzat ba\u015fvurarak sa\u011fl\u0131k kurumlar\u0131m\u0131zda tedavi g\u00f6rd\u00fc.<\/p>\n\n\n\n<p>Durumu a\u011f\u0131r olup operasyon ge\u00e7iren 83 ki\u015finin tedavisi devam etmektedir. Hastalar\u0131m\u0131za ge\u00e7mi\u015f olsun diyoruz. Bayram g\u00fcndemine d\u00e2hil olan bu gibi olaylar hepimiz i\u00e7in \u00fcz\u00fcc\u00fc.<\/p>\n<\/blockquote>\n","protected":false},"excerpt":{"rendered":"<p>Sa\u011fl\u0131k Bakan\u0131 Fahrettin Koca, &#8220;Kurban bayram\u0131 boyunca kesim i\u015flemi s\u0131ras\u0131nda ya\u015fanan kazalar sebebi ile 951 ki\u015fi&#46;&#46;&#46;<\/p>\n","protected":false},"author":2,"featured_media":7395,"comment_status":"open","ping_status":"open","sticky":false,"template":"","format":"standard","meta":{"inline_featured_image":false,"footnotes":""},"categories":[87],"tags":[541,1198,2163,942,107],"manset":[],"class_list":["post-7393","post","type-post","status-publish","format-standard","has-post-thumbnail","hentry","category-saglik-haberleri","tag-fahrettin-koca","tag-kurban-bayrami","tag-kurban-bayraminda-30-bin-kisi-hastanelik-oldu","tag-saglik-bakanligi","tag-ub"],"_links":{"self":[{"href":"https:\/\/www.urfabugun.com\/index.php\/wp-json\/wp\/v2\/posts\/7393","targetHints":{"allow":["GET"]}}],"collection":[{"href":"https:\/\/www.urfabugun.com\/index.php\/wp-json\/wp\/v2\/posts"}],"about":[{"href":"https:\/\/www.urfabugun.com\/index.php\/wp-json\/wp\/v2\/types\/post"}],"author":[{"embeddable":true,"href":"https:\/\/www.urfabugun.com\/index.php\/wp-json\/wp\/v2\/users\/2"}],"replies":[{"embeddable":true,"href":"https:\/\/www.urfabugun.com\/index.php\/wp-json\/wp\/v2\/comments?post=7393"}],"version-history":[{"count":0,"href":"https:\/\/www.urfabugun.com\/index.php\/wp-json\/wp\/v2\/posts\/7393\/revisions"}],"wp:featuredmedia":[{"embeddable":true,"href":"https:\/\/www.urfabugun.com\/index.php\/wp-json\/wp\/v2\/media\/7395"}],"wp:attachment":[{"href":"https:\/\/www.urfabugun.com\/index.php\/wp-json\/wp\/v2\/media?parent=7393"}],"wp:term":[{"taxonomy":"category","embeddable":true,"href":"https:\/\/www.urfabugun.com\/index.php\/wp-json\/wp\/v2\/categories?post=7393"},{"taxonomy":"post_tag","embeddable":true,"href":"https:\/\/www.urfabugun.com\/index.php\/wp-json\/wp\/v2\/tags?post=7393"},{"taxonomy":"manset","embeddable":true,"href":"https:\/\/www.urfabugun.com\/index.php\/wp-json\/wp\/v2\/manset?post=7393"}],"curies":[{"name":"wp","href":"https:\/\/api.w.org\/{rel}","templated":true}]}}