{"id":7405,"date":"2023-07-03T08:46:36","date_gmt":"2023-07-03T05:46:36","guid":{"rendered":"https:\/\/www.urfabugun.com\/?p=7405"},"modified":"2023-07-03T08:46:42","modified_gmt":"2023-07-03T05:46:42","slug":"sanliurfada-ataturk-heykelinin-uzerine-cikan-supheli-gozaltina-alindi","status":"publish","type":"post","link":"https:\/\/www.urfabugun.com\/index.php\/2023\/07\/03\/sanliurfada-ataturk-heykelinin-uzerine-cikan-supheli-gozaltina-alindi\/","title":{"rendered":"\u015eanl\u0131urfa\u2019da Atat\u00fcrk Heykelinin \u00dczerine \u00c7\u0131kan \u015e\u00fcpheli G\u00f6zalt\u0131na Al\u0131nd\u0131!"},"content":{"rendered":"\n<p><\/p>\n\n\n\n<p><strong>\u015eanl\u0131urfa Valili\u011fi, Atat\u00fcrk heykelinin \u00fczerine \u00e7\u0131kan zanl\u0131n\u0131n g\u00f6zalt\u0131na al\u0131nd\u0131\u011f\u0131n\u0131 bildirdi.<\/strong><\/p>\n\n\n\n<p>Valili\u011fin yaz\u0131l\u0131 a\u00e7\u0131klamas\u0131nda, baz\u0131 sosyal medya hesaplar\u0131nda &#8220;Suriyeli gen\u00e7ten haddini a\u015fan eylem: Ata\u2019ya sayg\u0131s\u0131zl\u0131k&#8221; ba\u015fl\u0131kl\u0131 payla\u015f\u0131mlar\u0131n yap\u0131ld\u0131\u011f\u0131 kaydedildi.<\/p>\n\n\n\n<p>\u0130nceleme \u00fczerine olay\u0131n \u015f\u00fcphelisi olarak Suriye uyruklu M.E&#8217;nin (13) g\u00fcvenlik g\u00fc\u00e7lerince g\u00f6zalt\u0131na al\u0131nd\u0131\u011f\u0131 belirtilen a\u00e7\u0131klamada, &#8220;\u015e\u00fcpheli, gerekli i\u015flemler i\u00e7in \u00c7ocuk \u015eube M\u00fcd\u00fcrl\u00fc\u011f\u00fcne teslim edilmi\u015ftir. Konu, t\u00fcm birimlerimizce hassasiyetle ve yak\u0131ndan takip edilmektedir. \u0130limizde bu ve benzeri provokatif eylemlere kesinlikle m\u00fcsaade edilmeyecektir.&#8221; ifadeleri kullan\u0131ld\u0131.<\/p>\n","protected":false},"excerpt":{"rendered":"<p>\u015eanl\u0131urfa Valili\u011fi, Atat\u00fcrk heykelinin \u00fczerine \u00e7\u0131kan zanl\u0131n\u0131n g\u00f6zalt\u0131na al\u0131nd\u0131\u011f\u0131n\u0131 bildirdi. Valili\u011fin yaz\u0131l\u0131 a\u00e7\u0131klamas\u0131nda, baz\u0131 sosyal medya&#46;&#46;&#46;<\/p>\n","protected":false},"author":2,"featured_media":7407,"comment_status":"open","ping_status":"open","sticky":false,"template":"","format":"standard","meta":{"inline_featured_image":false,"footnotes":""},"categories":[75],"tags":[2168,344,2165,2167,107],"manset":[],"class_list":["post-7405","post","type-post","status-publish","format-standard","has-post-thumbnail","hentry","category-asayis-haberleri","tag-ataturk-heykeli","tag-sanliurfa-valiligi","tag-sanliurfada-ataturk-heykelinin-uzerine-cikan-supheli-gozaltina-alindi","tag-suriyeli","tag-ub"],"_links":{"self":[{"href":"https:\/\/www.urfabugun.com\/index.php\/wp-json\/wp\/v2\/posts\/7405","targetHints":{"allow":["GET"]}}],"collection":[{"href":"https:\/\/www.urfabugun.com\/index.php\/wp-json\/wp\/v2\/posts"}],"about":[{"href":"https:\/\/www.urfabugun.com\/index.php\/wp-json\/wp\/v2\/types\/post"}],"author":[{"embeddable":true,"href":"https:\/\/www.urfabugun.com\/index.php\/wp-json\/wp\/v2\/users\/2"}],"replies":[{"embeddable":true,"href":"https:\/\/www.urfabugun.com\/index.php\/wp-json\/wp\/v2\/comments?post=7405"}],"version-history":[{"count":0,"href":"https:\/\/www.urfabugun.com\/index.php\/wp-json\/wp\/v2\/posts\/7405\/revisions"}],"wp:featuredmedia":[{"embeddable":true,"href":"https:\/\/www.urfabugun.com\/index.php\/wp-json\/wp\/v2\/media\/7407"}],"wp:attachment":[{"href":"https:\/\/www.urfabugun.com\/index.php\/wp-json\/wp\/v2\/media?parent=7405"}],"wp:term":[{"taxonomy":"category","embeddable":true,"href":"https:\/\/www.urfabugun.com\/index.php\/wp-json\/wp\/v2\/categories?post=7405"},{"taxonomy":"post_tag","embeddable":true,"href":"https:\/\/www.urfabugun.com\/index.php\/wp-json\/wp\/v2\/tags?post=7405"},{"taxonomy":"manset","embeddable":true,"href":"https:\/\/www.urfabugun.com\/index.php\/wp-json\/wp\/v2\/manset?post=7405"}],"curies":[{"name":"wp","href":"https:\/\/api.w.org\/{rel}","templated":true}]}}