{"id":7469,"date":"2023-07-05T09:45:27","date_gmt":"2023-07-05T06:45:27","guid":{"rendered":"https:\/\/www.urfabugun.com\/?p=7469"},"modified":"2023-07-05T09:45:33","modified_gmt":"2023-07-05T06:45:33","slug":"fenerbahcenin-yildizi-arda-guleri-kapan-real-madrid-oldu","status":"publish","type":"post","link":"https:\/\/www.urfabugun.com\/index.php\/2023\/07\/05\/fenerbahcenin-yildizi-arda-guleri-kapan-real-madrid-oldu\/","title":{"rendered":"Fenerbah\u00e7e&#8217;nin Y\u0131ld\u0131z\u0131 Arda G\u00fcler&#8217;i Kapan Real Madrid Oldu!"},"content":{"rendered":"\n<p><\/p>\n\n\n\n<p><strong>Fenerbah\u00e7e&#8217;nin y\u0131ld\u0131z futbolcusu Arda G\u00fcler, Sar\u0131-lacivertli ekibe veda etmeye haz\u0131rlan\u0131yor. Ad\u0131 La Liga devi Barcelona ile an\u0131lan 18 ya\u015f\u0131ndaki orta saha oyuncusu, Real Madrid ile anla\u015fmaya vard\u0131.<\/strong><\/p>\n\n\n\n<p>Fenerbah\u00e7e&#8217;nin 18 ya\u015f\u0131ndaki y\u0131ld\u0131z\u0131 Arda G\u00fcler&#8217;in Barcelona ve Real Madrid yar\u0131\u015f\u0131nda ba\u015fkent ekibini se\u00e7ti\u011fi iddia edildi. \u0130ngiliz bas\u0131n\u0131nda yer alan haberlere g\u00f6re Real Madrid, gen\u00e7 futbolcunun serbest kalma bedeli olan 17.5 milyon eurodan daha fazla bir bonservis bedeli \u00f6deyecek ve sonraki sat\u0131\u015ftan y\u00fczde 20 pay verecek.<\/p>\n\n\n\n<p><strong>SERBEST KALMA BEDEL\u0130N\u0130N \u00dcZER\u0130NE \u00c7IKACAKLAR<\/strong><\/p>\n\n\n\n<p>D\u00fcnyan\u0131n \u00f6nde gelen spor haber sitelerinden The Athletic, Arda G\u00fcler&#8217;in ba\u015fkent ekibini se\u00e7ti\u011fini yazd\u0131. Habere g\u00f6re Real Madrid, 18 ya\u015f\u0131ndaki y\u0131ld\u0131z i\u00e7in Fenerbah\u00e7e&#8217;ye 17.5 milyon Euro&#8217;dan daha fazla bonservis bedeli \u00f6deyecek. Real Madrid ayr\u0131ca sonraki sat\u0131\u015ftan da y\u00fczde 20 pay verecek.<\/p>\n\n\n\n<p><strong>REAL&#8217;\u0130N STRATEJ\u0130 DE\u011e\u0130\u015e\u0130KL\u0130\u011e\u0130 ETK\u0130L\u0130 OLDU<\/strong><\/p>\n\n\n\n<p>Son y\u0131llarda strateji de\u011fi\u015fikli\u011fine giderek gen\u00e7 ve yetenekli futbolculara e\u011filen Real Madrid&#8217;in bu futbolcular\u0131 parlatmas\u0131n\u0131n da Arda G\u00fcler&#8217;in se\u00e7imini etkileyen durumlardan biri oldu\u011funun alt\u0131 \u00e7izildi.<\/p>\n\n\n\n<p><strong>ROMANO DA TRANSFER\u0130 DUYURDU<\/strong><\/p>\n\n\n\n<p>\u00d6te yandan transferi duyuran bir ba\u015fka isimse d\u00fcnyaca \u00fcnl\u00fc gazeteci Fabrizio Romano oldu. Sosyal medya hesab\u0131ndan Real Madrid&#8217;in Arda i\u00e7in sundu\u011fu teklifin detaylar\u0131n\u0131 aktaran Romano, transferin toplam de\u011ferinin 20 milyon eurodan daha fazla oldu\u011funu yazd\u0131.<\/p>\n","protected":false},"excerpt":{"rendered":"<p>Fenerbah\u00e7e&#8217;nin y\u0131ld\u0131z futbolcusu Arda G\u00fcler, Sar\u0131-lacivertli ekibe veda etmeye haz\u0131rlan\u0131yor. Ad\u0131 La Liga devi Barcelona ile&#46;&#46;&#46;<\/p>\n","protected":false},"author":2,"featured_media":7471,"comment_status":"open","ping_status":"open","sticky":false,"template":"","format":"standard","meta":{"inline_featured_image":false,"footnotes":""},"categories":[88],"tags":[2184,661,2185,107],"manset":[],"class_list":["post-7469","post","type-post","status-publish","format-standard","has-post-thumbnail","hentry","category-spor-haberleri","tag-arda-guler","tag-fenerbahce","tag-real-madrid","tag-ub"],"_links":{"self":[{"href":"https:\/\/www.urfabugun.com\/index.php\/wp-json\/wp\/v2\/posts\/7469","targetHints":{"allow":["GET"]}}],"collection":[{"href":"https:\/\/www.urfabugun.com\/index.php\/wp-json\/wp\/v2\/posts"}],"about":[{"href":"https:\/\/www.urfabugun.com\/index.php\/wp-json\/wp\/v2\/types\/post"}],"author":[{"embeddable":true,"href":"https:\/\/www.urfabugun.com\/index.php\/wp-json\/wp\/v2\/users\/2"}],"replies":[{"embeddable":true,"href":"https:\/\/www.urfabugun.com\/index.php\/wp-json\/wp\/v2\/comments?post=7469"}],"version-history":[{"count":0,"href":"https:\/\/www.urfabugun.com\/index.php\/wp-json\/wp\/v2\/posts\/7469\/revisions"}],"wp:featuredmedia":[{"embeddable":true,"href":"https:\/\/www.urfabugun.com\/index.php\/wp-json\/wp\/v2\/media\/7471"}],"wp:attachment":[{"href":"https:\/\/www.urfabugun.com\/index.php\/wp-json\/wp\/v2\/media?parent=7469"}],"wp:term":[{"taxonomy":"category","embeddable":true,"href":"https:\/\/www.urfabugun.com\/index.php\/wp-json\/wp\/v2\/categories?post=7469"},{"taxonomy":"post_tag","embeddable":true,"href":"https:\/\/www.urfabugun.com\/index.php\/wp-json\/wp\/v2\/tags?post=7469"},{"taxonomy":"manset","embeddable":true,"href":"https:\/\/www.urfabugun.com\/index.php\/wp-json\/wp\/v2\/manset?post=7469"}],"curies":[{"name":"wp","href":"https:\/\/api.w.org\/{rel}","templated":true}]}}