{"id":7527,"date":"2023-07-06T17:33:45","date_gmt":"2023-07-06T14:33:45","guid":{"rendered":"https:\/\/www.urfabugun.com\/?p=7527"},"modified":"2023-07-06T17:33:52","modified_gmt":"2023-07-06T14:33:52","slug":"kanala-degil-havuza-sanliurfada-bogulma-vakalarina-cozum","status":"publish","type":"post","link":"https:\/\/www.urfabugun.com\/index.php\/2023\/07\/06\/kanala-degil-havuza-sanliurfada-bogulma-vakalarina-cozum\/","title":{"rendered":"Kanala De\u011fil Havuza! \u015eanl\u0131urfa\u2019da Bo\u011fulma Vakalar\u0131na \u00c7\u00f6z\u00fcm!"},"content":{"rendered":"\n<p><\/p>\n\n\n\n<p><strong>\u015eanl\u0131urfa&#8217;da bo\u011fulma vakalar\u0131n\u0131n \u00f6n\u00fcne ge\u00e7ilmesi amac\u0131yla 5 portatif y\u00fczme havuzu hizmete a\u00e7\u0131ld\u0131.<\/strong><\/p>\n\n\n\n<p>\u015eanl\u0131urfa Valili\u011finin sosyal medya hesab\u0131ndan yap\u0131lan a\u00e7\u0131klamaya g\u00f6re, b\u00f6lgede \u00f6l\u00fcmc\u00fcl tehlike ta\u015f\u0131yan sorunlar\u0131n ba\u015f\u0131nda kanal ve g\u00f6letlerde y\u00fczmenin \u00f6nlenmesi i\u00e7in \u00e7e\u015fitli \u00e7al\u0131\u015fmalar y\u00fcr\u00fct\u00fcl\u00fcyor.<\/p>\n\n\n\n<p>Bu kapsamda valilik taraf\u0131ndan \u00e7ocuk ve gen\u00e7lerin can g\u00fcvenli\u011fi i\u00e7in 300 bin lira maliyetle 5 portatif y\u00fczme havuzu yapt\u0131r\u0131ld\u0131.<\/p>\n\n\n\n<p>\u015eanl\u0131urfa Valisi Salih Ayhan taraf\u0131ndan a\u00e7\u0131l\u0131\u015f\u0131 ger\u00e7ekle\u015ftirilen havuzlarda, \u00e7ocuklar ve gen\u00e7ler can kurtaran g\u00f6zetiminde y\u00fczme imkan\u0131 bulacak.<\/p>\n\n\n\n<p>Her y\u0131l \u00fcz\u00fcc\u00fc bo\u011fulma vakalar\u0131yla kar\u015f\u0131 kar\u015f\u0131ya kald\u0131klar\u0131n\u0131 ifade eden Vali Ayhan, devlet olarak \u00e7ocuklar\u0131n g\u00fcvenli \u015fekilde e\u011flenebilmesi i\u00e7in \u00f6nlem ald\u0131klar\u0131n\u0131 belirtti.<\/p>\n\n\n\n<p>Kentte ayr\u0131ca polis ekipleri de vatanda\u015flar\u0131 bo\u011fulma vakalar\u0131na kar\u015f\u0131 uyar\u0131 bro\u015f\u00fcrleri da\u011f\u0131tarak uyar\u0131yor.<\/p>\n","protected":false},"excerpt":{"rendered":"<p>\u015eanl\u0131urfa&#8217;da bo\u011fulma vakalar\u0131n\u0131n \u00f6n\u00fcne ge\u00e7ilmesi amac\u0131yla 5 portatif y\u00fczme havuzu hizmete a\u00e7\u0131ld\u0131. \u015eanl\u0131urfa Valili\u011finin sosyal medya&#46;&#46;&#46;<\/p>\n","protected":false},"author":2,"featured_media":7529,"comment_status":"open","ping_status":"open","sticky":false,"template":"","format":"standard","meta":{"inline_featured_image":false,"footnotes":""},"categories":[92],"tags":[2201,2200,118,131,107],"manset":[],"class_list":["post-7527","post","type-post","status-publish","format-standard","has-post-thumbnail","hentry","category-yasam-haberleri","tag-bogulma-vakasi","tag-kanala-degil-havuza-sanliurfada-bogulma-vakalarina-cozum","tag-sanliurfa","tag-son-dakika","tag-ub"],"_links":{"self":[{"href":"https:\/\/www.urfabugun.com\/index.php\/wp-json\/wp\/v2\/posts\/7527","targetHints":{"allow":["GET"]}}],"collection":[{"href":"https:\/\/www.urfabugun.com\/index.php\/wp-json\/wp\/v2\/posts"}],"about":[{"href":"https:\/\/www.urfabugun.com\/index.php\/wp-json\/wp\/v2\/types\/post"}],"author":[{"embeddable":true,"href":"https:\/\/www.urfabugun.com\/index.php\/wp-json\/wp\/v2\/users\/2"}],"replies":[{"embeddable":true,"href":"https:\/\/www.urfabugun.com\/index.php\/wp-json\/wp\/v2\/comments?post=7527"}],"version-history":[{"count":0,"href":"https:\/\/www.urfabugun.com\/index.php\/wp-json\/wp\/v2\/posts\/7527\/revisions"}],"wp:featuredmedia":[{"embeddable":true,"href":"https:\/\/www.urfabugun.com\/index.php\/wp-json\/wp\/v2\/media\/7529"}],"wp:attachment":[{"href":"https:\/\/www.urfabugun.com\/index.php\/wp-json\/wp\/v2\/media?parent=7527"}],"wp:term":[{"taxonomy":"category","embeddable":true,"href":"https:\/\/www.urfabugun.com\/index.php\/wp-json\/wp\/v2\/categories?post=7527"},{"taxonomy":"post_tag","embeddable":true,"href":"https:\/\/www.urfabugun.com\/index.php\/wp-json\/wp\/v2\/tags?post=7527"},{"taxonomy":"manset","embeddable":true,"href":"https:\/\/www.urfabugun.com\/index.php\/wp-json\/wp\/v2\/manset?post=7527"}],"curies":[{"name":"wp","href":"https:\/\/api.w.org\/{rel}","templated":true}]}}