{"id":7574,"date":"2023-07-08T19:43:04","date_gmt":"2023-07-08T16:43:04","guid":{"rendered":"https:\/\/www.urfabugun.com\/?p=7574"},"modified":"2023-07-08T19:43:10","modified_gmt":"2023-07-08T16:43:10","slug":"twitter-kullanicilari-sesli-ve-goruntulu-arama-ozelligine-kavusuyor","status":"publish","type":"post","link":"https:\/\/www.urfabugun.com\/index.php\/2023\/07\/08\/twitter-kullanicilari-sesli-ve-goruntulu-arama-ozelligine-kavusuyor\/","title":{"rendered":"Twitter Kullan\u0131c\u0131lar\u0131 Sesli ve G\u00f6r\u00fcnt\u00fcl\u00fc Arama \u00d6zelli\u011fine Kavu\u015fuyor!"},"content":{"rendered":"\n<p><\/p>\n\n\n\n<p><strong>Twitter, sesli ve g\u00f6r\u00fcnt\u00fcl\u00fc arama \u00f6zelli\u011fini eklemeye haz\u0131rlan\u0131yor. \u015eirket, yeni \u00f6zelli\u011fe dair bir ekran g\u00f6r\u00fcnt\u00fcs\u00fc de payla\u015ft\u0131.<\/strong><\/p>\n\n\n\n<p>Twitter, sesli ve g\u00f6r\u00fcnt\u00fcl\u00fc arama \u00f6zelli\u011fi \u00fczerinde \u00e7al\u0131\u015f\u0131yor. Yeni \u00f6zellik ile ilgili bir ekran g\u00f6r\u00fcnt\u00fcs\u00fc payla\u015f\u0131ld\u0131. Payla\u015f\u0131lan g\u00f6rsel, yeni \u00f6zelli\u011fin nas\u0131l bir g\u00f6r\u00fcn\u00fcme sahip olaca\u011f\u0131n\u0131 ve nas\u0131l kullan\u0131laca\u011f\u0131n\u0131 g\u00f6zler \u00f6n\u00fcne serdi.<\/p>\n\n\n\n<p>Twitter&#8217;da tasar\u0131mc\u0131 olarak \u00e7al\u0131\u015fan Andrea Conway, resm\u00ee sosyal medya hesab\u0131 \u00fczerinden yeni \u00f6zelli\u011fe dair bir ekran g\u00f6r\u00fcnt\u00fcs\u00fc payla\u015ft\u0131. Payla\u015f\u0131lan g\u00f6rsele g\u00f6re uygulaman\u0131n DM (Direkt Mesaj) b\u00f6l\u00fcm\u00fcndeki sohbet sayfalar\u0131na telefon simgesi eklenecek.<\/p>\n\n\n\n<p>Telefon simgesine dokunuldu\u011fu takdirde sesli arama ve g\u00f6r\u00fcnt\u00fcl\u00fc arama olmak \u00fczere iki farkl\u0131 se\u00e7enek \u00e7\u0131kacak. Kullan\u0131c\u0131lar iki se\u00e7enekten birini se\u00e7erek kar\u015f\u0131daki ki\u015fiyle kolayca ileti\u015fim kurabilecek.<\/p>\n\n\n\n<p>G\u00f6r\u00fcnt\u00fcl\u00fc g\u00f6r\u00fc\u015fme esnas\u0131nda \u00f6n ve arka kameralar aras\u0131nda \u00e7ok pratik bir \u015fekilde ge\u00e7i\u015f yap\u0131labilecek. \u0130stendi\u011fi takdirde kamera ve mikrofon da devre d\u0131\u015f\u0131 b\u0131rak\u0131labilecek.<\/p>\n","protected":false},"excerpt":{"rendered":"<p>Twitter, sesli ve g\u00f6r\u00fcnt\u00fcl\u00fc arama \u00f6zelli\u011fini eklemeye haz\u0131rlan\u0131yor. \u015eirket, yeni \u00f6zelli\u011fe dair bir ekran g\u00f6r\u00fcnt\u00fcs\u00fc de&#46;&#46;&#46;<\/p>\n","protected":false},"author":2,"featured_media":7576,"comment_status":"open","ping_status":"open","sticky":false,"template":"","format":"standard","meta":{"inline_featured_image":false,"footnotes":""},"categories":[76,82],"tags":[2214,118,131,147,1243,107],"manset":[],"class_list":["post-7574","post","type-post","status-publish","format-standard","has-post-thumbnail","hentry","category-bilim-teknoloji-haberleri","category-gundem-haberleri","tag-ozellik","tag-sanliurfa","tag-son-dakika","tag-sosyal-medya","tag-twitter","tag-ub"],"_links":{"self":[{"href":"https:\/\/www.urfabugun.com\/index.php\/wp-json\/wp\/v2\/posts\/7574","targetHints":{"allow":["GET"]}}],"collection":[{"href":"https:\/\/www.urfabugun.com\/index.php\/wp-json\/wp\/v2\/posts"}],"about":[{"href":"https:\/\/www.urfabugun.com\/index.php\/wp-json\/wp\/v2\/types\/post"}],"author":[{"embeddable":true,"href":"https:\/\/www.urfabugun.com\/index.php\/wp-json\/wp\/v2\/users\/2"}],"replies":[{"embeddable":true,"href":"https:\/\/www.urfabugun.com\/index.php\/wp-json\/wp\/v2\/comments?post=7574"}],"version-history":[{"count":0,"href":"https:\/\/www.urfabugun.com\/index.php\/wp-json\/wp\/v2\/posts\/7574\/revisions"}],"wp:featuredmedia":[{"embeddable":true,"href":"https:\/\/www.urfabugun.com\/index.php\/wp-json\/wp\/v2\/media\/7576"}],"wp:attachment":[{"href":"https:\/\/www.urfabugun.com\/index.php\/wp-json\/wp\/v2\/media?parent=7574"}],"wp:term":[{"taxonomy":"category","embeddable":true,"href":"https:\/\/www.urfabugun.com\/index.php\/wp-json\/wp\/v2\/categories?post=7574"},{"taxonomy":"post_tag","embeddable":true,"href":"https:\/\/www.urfabugun.com\/index.php\/wp-json\/wp\/v2\/tags?post=7574"},{"taxonomy":"manset","embeddable":true,"href":"https:\/\/www.urfabugun.com\/index.php\/wp-json\/wp\/v2\/manset?post=7574"}],"curies":[{"name":"wp","href":"https:\/\/api.w.org\/{rel}","templated":true}]}}