{"id":7578,"date":"2023-07-09T11:35:51","date_gmt":"2023-07-09T08:35:51","guid":{"rendered":"https:\/\/www.urfabugun.com\/?p=7578"},"modified":"2023-07-09T11:46:22","modified_gmt":"2023-07-09T08:46:22","slug":"okullarin-acilacagi-tarih-belli-oldu","status":"publish","type":"post","link":"https:\/\/www.urfabugun.com\/index.php\/2023\/07\/09\/okullarin-acilacagi-tarih-belli-oldu\/","title":{"rendered":"Okullar\u0131n A\u00e7\u0131laca\u011f\u0131 Tarih Belli Oldu!"},"content":{"rendered":"\n<p><\/p>\n\n\n\n<p>Milli E\u011fitim Bakanl\u0131\u011f\u0131, 2023-2024 E\u011fitim ve \u00d6\u011fretim Y\u0131l\u0131 \u00c7al\u0131\u015fma Takvimi&#8217;ni a\u00e7\u0131klad\u0131. \u0130lk ders zili 11 Eyl\u00fcl&#8217;de \u00e7alacak.<\/p>\n\n\n\n<p>Milyonlarca \u00f6\u011frenci yeni e\u011fitim \u00f6\u011fretim y\u0131l\u0131n\u0131n ne zaman ba\u015flayaca\u011f\u0131n\u0131 merakla beklerken, Milli E\u011fitim Bakanl\u0131\u011f\u0131 2023-2024 E\u011fitim \u00d6\u011fretim Y\u0131l\u0131 \u00c7al\u0131\u015fma Takvimi&#8217;ni payla\u015ft\u0131. Bakanl\u0131\u011f\u0131n Twitter hesab\u0131ndan yap\u0131lan payla\u015f\u0131ma g\u00f6re, ilk ders zili 11 Eyl\u00fcl&#8217;de \u00e7alacak.<\/p>\n\n\n\n<p><strong>YARIYIL TAT\u0130L\u0130 22 OCAK-2 \u015eUBAT ARASI<\/strong><\/p>\n\n\n\n<p>Milli E\u011fitim Bakanl\u0131\u011f\u0131&#8217;n\u0131n Twitter hesab\u0131ndan payla\u015f\u0131lan yeni takvime g\u00f6re 1. d\u00f6nem 11 Eyl\u00fcl 2023&#8217;te ba\u015flayacak. 1. D\u00f6nem ara tatili 13-17 Kas\u0131m 2023 tarihleri aras\u0131nda, Yar\u0131y\u0131l tatili ise 22 Ocak-2 \u015eubat 2024 tarihleri aras\u0131nda yap\u0131lacak.<\/p>\n\n\n\n<p><strong>E\u011e\u0130T\u0130M \u00d6\u011eRET\u0130M YILI 14 HAZ\u0130RAN 2024&#8217;TE KAPANACAK<\/strong><\/p>\n\n\n\n<p>2023-2024 E\u011fitim \u00d6\u011fretim Y\u0131l\u0131&#8217;n\u0131n 2. D\u00f6nem Ba\u015flang\u0131c\u0131 ise 5 \u015eubat 2024 olarak takvimde yer ald\u0131. 2. D\u00f6nem ara tatili 8-12 Nisan 2024 tarihleri aras\u0131nda yap\u0131lacak. E\u011fitim \u00f6\u011fretim y\u0131l\u0131 ise 14 Haziran 2024&#8217;te kapanacak.<\/p>\n\n\n\n<figure class=\"wp-block-embed is-type-rich is-provider-twitter wp-block-embed-twitter\"><div class=\"wp-block-embed__wrapper\">\n<blockquote class=\"twitter-tweet\" data-width=\"500\" data-dnt=\"true\"><p lang=\"tr\" dir=\"ltr\">2023-2024 E\u011fitim \u00d6\u011fretim Y\u0131l\u0131 \u00c7al\u0131\u015fma Takvimi<br><br>\ud83d\udd14 \u0130lk ders zili, 11 Eyl\u00fcl\u2019de \u00e7alacak.<br><br>\ud83d\udccc \u0130kinci d\u00f6nem, 14 Haziran 2024 Cuma g\u00fcn\u00fc sona erecek.<br><br>\ud83d\udd14 2024-2025 E\u011fitim \u00d6\u011fretim Y\u0131l\u0131 ise 9 Eyl\u00fcl 2024\u2019te ba\u015flayacak.<br><br>\ud83c\udfebYeni d\u00f6nemde, okullar\u0131m\u0131zda sa\u011fl\u0131kla bulu\u015fmak \u00fczere\u2026 <a href=\"https:\/\/t.co\/klve8zTtOl\" target=\"_blank\">pic.twitter.com\/klve8zTtOl<\/a><\/p>&mdash; Mill\u00ee E\u011fitim Bakanl\u0131\u011f\u0131 (@tcmeb) <a href=\"https:\/\/twitter.com\/tcmeb\/status\/1677955026323398657?ref_src=twsrc%5Etfw\" target=\"_blank\" rel=\"noopener\">July 9, 2023<\/a><\/blockquote><script async src=\"https:\/\/platform.twitter.com\/widgets.js\" charset=\"utf-8\"><\/script>\n<\/div><\/figure>\n\n\n\n<p><\/p>\n","protected":false},"excerpt":{"rendered":"<p>Milli E\u011fitim Bakanl\u0131\u011f\u0131, 2023-2024 E\u011fitim ve \u00d6\u011fretim Y\u0131l\u0131 \u00c7al\u0131\u015fma Takvimi&#8217;ni a\u00e7\u0131klad\u0131. \u0130lk ders zili 11 Eyl\u00fcl&#8217;de&#46;&#46;&#46;<\/p>\n","protected":false},"author":2,"featured_media":3116,"comment_status":"open","ping_status":"open","sticky":false,"template":"","format":"standard","meta":{"inline_featured_image":false,"footnotes":""},"categories":[79],"tags":[2216,2215,131,107,93],"manset":[],"class_list":["post-7578","post","type-post","status-publish","format-standard","has-post-thumbnail","hentry","category-egitim-haberleri","tag-ilk-ders-zili-11-eylulde-calacak","tag-okullarin-acilacagi-tarih-belli-oldu-2","tag-son-dakika","tag-ub","tag-ust"],"_links":{"self":[{"href":"https:\/\/www.urfabugun.com\/index.php\/wp-json\/wp\/v2\/posts\/7578","targetHints":{"allow":["GET"]}}],"collection":[{"href":"https:\/\/www.urfabugun.com\/index.php\/wp-json\/wp\/v2\/posts"}],"about":[{"href":"https:\/\/www.urfabugun.com\/index.php\/wp-json\/wp\/v2\/types\/post"}],"author":[{"embeddable":true,"href":"https:\/\/www.urfabugun.com\/index.php\/wp-json\/wp\/v2\/users\/2"}],"replies":[{"embeddable":true,"href":"https:\/\/www.urfabugun.com\/index.php\/wp-json\/wp\/v2\/comments?post=7578"}],"version-history":[{"count":0,"href":"https:\/\/www.urfabugun.com\/index.php\/wp-json\/wp\/v2\/posts\/7578\/revisions"}],"wp:featuredmedia":[{"embeddable":true,"href":"https:\/\/www.urfabugun.com\/index.php\/wp-json\/wp\/v2\/media\/3116"}],"wp:attachment":[{"href":"https:\/\/www.urfabugun.com\/index.php\/wp-json\/wp\/v2\/media?parent=7578"}],"wp:term":[{"taxonomy":"category","embeddable":true,"href":"https:\/\/www.urfabugun.com\/index.php\/wp-json\/wp\/v2\/categories?post=7578"},{"taxonomy":"post_tag","embeddable":true,"href":"https:\/\/www.urfabugun.com\/index.php\/wp-json\/wp\/v2\/tags?post=7578"},{"taxonomy":"manset","embeddable":true,"href":"https:\/\/www.urfabugun.com\/index.php\/wp-json\/wp\/v2\/manset?post=7578"}],"curies":[{"name":"wp","href":"https:\/\/api.w.org\/{rel}","templated":true}]}}