{"id":7631,"date":"2023-07-10T11:35:20","date_gmt":"2023-07-10T08:35:20","guid":{"rendered":"https:\/\/www.urfabugun.com\/?p=7631"},"modified":"2023-07-10T11:35:27","modified_gmt":"2023-07-10T08:35:27","slug":"apple-kullanicilari-zam-yagmuruna-tuttu-1-yil-icinde-6inci-zam","status":"publish","type":"post","link":"https:\/\/www.urfabugun.com\/index.php\/2023\/07\/10\/apple-kullanicilari-zam-yagmuruna-tuttu-1-yil-icinde-6inci-zam\/","title":{"rendered":"Apple Kullan\u0131c\u0131lar\u0131 Zam Ya\u011fmuruna Tuttu: 1 Y\u0131l \u0130\u00e7inde 6&#8217;\u0131nc\u0131 Zam!"},"content":{"rendered":"\n<p><\/p>\n\n\n\n<p><strong>Apple, KDV oran\u0131n\u0131n y\u00fczde 18&#8217;den y\u00fczde 20&#8217;ye \u00e7\u0131kmas\u0131n\u0131n ard\u0131ndan vergi art\u0131\u015f\u0131n\u0131 fiyatlar\u0131na yans\u0131tt\u0131. En d\u00fc\u015f\u00fck Iphone 14&#8217;\u00fcn fiyat\u0131 48.304 TL olurken, en pahal\u0131 iPhone&#8217;un fiyat\u0131 87 bin 457 liraya \u00e7\u0131kt\u0131.<\/strong><\/p>\n\n\n\n<p>Resmi Gazete&#8217;de yay\u0131mlanan Cumhurba\u015fkan\u0131 Karar\u0131&#8217;na g\u00f6re; y\u00fczde 18 olan genel KDV oran\u0131 y\u00fczde 20, y\u00fczde 8&#8217;e tabi mal ve hizmetlerin KDV oran\u0131 ise y\u00fczde 10 olarak belirlendi. Bug\u00fcn ge\u00e7erli olacak art\u0131\u015fla birlikte teknoloji devi Apple, \u00fcr\u00fcnlerine bir kez daha zam yapt\u0131.<\/p>\n\n\n\n<p><strong>\u00dcR\u00dcNLERE KDV ZAMMI<\/strong><\/p>\n\n\n\n<p>Apple, iPhone fiyatlar\u0131na y\u0131l\u0131n 6. zamm\u0131n\u0131 yapt\u0131. KDV oran\u0131n\u0131n y\u00fczde 18&#8217;den y\u00fczde 20&#8217;ye y\u00fckseltilmesiyle Apple \u00fcr\u00fcnlerine fiyat g\u00fcncellemesi geldi. Zamm\u0131n ard\u0131ndan iPhone&#8217;un son s\u00fcr\u00fcm\u00fc olan iPhone 14&#8217;\u00fcn en d\u00fc\u015f\u00fck fiyatl\u0131 modeli (128 GB) 48.304 TL olurken, en pahal\u0131 model olan iPhone Pro Max 1 TB 87.457 TL&#8217;ye y\u00fckseldi. iPhone 14 modellerine 805 ila 1.458 lira aras\u0131nda de\u011fi\u015fen zamlar geldi.<\/p>\n\n\n\n<p><strong>IPHONE 14<\/strong><\/p>\n\n\n\n<p><strong>18 May\u0131s 2023&#8217;te yap\u0131lan zam sonras\u0131 fiyatlar:<\/strong><\/p>\n\n\n\n<p>128 GB iPhone 14 : 35.999 TL<\/p>\n\n\n\n<p>512 GB iPhone 14 : 44.399 TL<\/p>\n\n\n\n<p><strong>5 Haziran&#8217;da yap\u0131lan zam sonras\u0131 fiyatlar:<\/strong><\/p>\n\n\n\n<p>128 GB iPhone 14 : 37.999 TL<\/p>\n\n\n\n<p>256 GB iPhone 14 : 40.999 TL<\/p>\n\n\n\n<p>512 GB iPhone 14 : 46.999 TL<\/p>\n\n\n\n<p><strong>8 Haziran&#8217;da yap\u0131lan zam sonras\u0131 fiyatlar:<\/strong><\/p>\n\n\n\n<p>128 GB iPhone 14 : 42.499 TL<\/p>\n\n\n\n<p>256 GB iPhone 14 : 45.999 TL<\/p>\n\n\n\n<p>512 GB iPhone 14 : 52.999 TL<\/p>\n\n\n\n<p><strong>1 Temmuz&#8217;da yap\u0131lan zam sonras\u0131 fiyatlar:<\/strong><\/p>\n\n\n\n<p>128 GB iPhone 14 : 47.999 TL<\/p>\n\n\n\n<p>256 GB iPhone 14 : 51.499 TL<\/p>\n\n\n\n<p>512 GB iPhone 14 : 59.499 TL<\/p>\n\n\n\n<p><strong>10 Temmuz&#8217;da yap\u0131lan zam sonras\u0131 fiyatlar:<\/strong><\/p>\n\n\n\n<p>128 GB iPhone 14 : 48.304 TL<\/p>\n\n\n\n<p>256 GB iPhone 14 : 52.372 TL<\/p>\n\n\n\n<p>512 GB iPhone 14 : 60.507 TL<\/p>\n","protected":false},"excerpt":{"rendered":"<p>Apple, KDV oran\u0131n\u0131n y\u00fczde 18&#8217;den y\u00fczde 20&#8217;ye \u00e7\u0131kmas\u0131n\u0131n ard\u0131ndan vergi art\u0131\u015f\u0131n\u0131 fiyatlar\u0131na yans\u0131tt\u0131. En d\u00fc\u015f\u00fck Iphone&#46;&#46;&#46;<\/p>\n","protected":false},"author":2,"featured_media":7633,"comment_status":"open","ping_status":"open","sticky":false,"template":"","format":"standard","meta":{"inline_featured_image":false,"footnotes":""},"categories":[80],"tags":[1960,2230,118,131,93],"manset":[],"class_list":["post-7631","post","type-post","status-publish","format-standard","has-post-thumbnail","hentry","category-ekonomi-haberleri","tag-apple","tag-kdv","tag-sanliurfa","tag-son-dakika","tag-ust"],"_links":{"self":[{"href":"https:\/\/www.urfabugun.com\/index.php\/wp-json\/wp\/v2\/posts\/7631","targetHints":{"allow":["GET"]}}],"collection":[{"href":"https:\/\/www.urfabugun.com\/index.php\/wp-json\/wp\/v2\/posts"}],"about":[{"href":"https:\/\/www.urfabugun.com\/index.php\/wp-json\/wp\/v2\/types\/post"}],"author":[{"embeddable":true,"href":"https:\/\/www.urfabugun.com\/index.php\/wp-json\/wp\/v2\/users\/2"}],"replies":[{"embeddable":true,"href":"https:\/\/www.urfabugun.com\/index.php\/wp-json\/wp\/v2\/comments?post=7631"}],"version-history":[{"count":0,"href":"https:\/\/www.urfabugun.com\/index.php\/wp-json\/wp\/v2\/posts\/7631\/revisions"}],"wp:featuredmedia":[{"embeddable":true,"href":"https:\/\/www.urfabugun.com\/index.php\/wp-json\/wp\/v2\/media\/7633"}],"wp:attachment":[{"href":"https:\/\/www.urfabugun.com\/index.php\/wp-json\/wp\/v2\/media?parent=7631"}],"wp:term":[{"taxonomy":"category","embeddable":true,"href":"https:\/\/www.urfabugun.com\/index.php\/wp-json\/wp\/v2\/categories?post=7631"},{"taxonomy":"post_tag","embeddable":true,"href":"https:\/\/www.urfabugun.com\/index.php\/wp-json\/wp\/v2\/tags?post=7631"},{"taxonomy":"manset","embeddable":true,"href":"https:\/\/www.urfabugun.com\/index.php\/wp-json\/wp\/v2\/manset?post=7631"}],"curies":[{"name":"wp","href":"https:\/\/api.w.org\/{rel}","templated":true}]}}