{"id":7665,"date":"2023-07-11T09:27:01","date_gmt":"2023-07-11T06:27:01","guid":{"rendered":"https:\/\/www.urfabugun.com\/?p=7665"},"modified":"2023-07-11T09:27:07","modified_gmt":"2023-07-11T06:27:07","slug":"sanliurfaspordan-orta-saha-transferi","status":"publish","type":"post","link":"https:\/\/www.urfabugun.com\/index.php\/2023\/07\/11\/sanliurfaspordan-orta-saha-transferi\/","title":{"rendered":"\u015eanl\u0131urfaspor&#8217;dan Orta Saha Transferi!"},"content":{"rendered":"\n<p><\/p>\n\n\n\n<p><strong>Spor Toto 1. Lig&#8217;e y\u00fckselen \u015eanl\u0131urfaspor, orta saha oyuncusu Abdullah Ayd\u0131n&#8217;\u0131 transfer etti.<\/strong><\/p>\n\n\n\n<p>Sar\u0131-ye\u015filli ekipten yap\u0131lan a\u00e7\u0131klamada, &#8220;Kul\u00fcb\u00fcm\u00fcz \u00f6nceki sezon Ankara Ke\u00e7i\u00f6reng\u00fcc\u00fc&#8217;nde forma giyen 23 ya\u015f\u0131ndaki orta saha oyuncusu Abdullah Ayd\u0131n&#8217;\u0131 renklerine ba\u011flad\u0131.&#8221; ifadeleri kullan\u0131ld\u0131.<\/p>\n\n\n\n<p>\u00d6te yandan, kul\u00fcp ba\u015fkan\u0131 Ha\u00e7im \u0130zol ile Abdullah Ayd\u0131n&#8217;\u0131n s\u00f6zle\u015fme imzalarken foto\u011fraflar\u0131 da payla\u015f\u0131ld\u0131.<\/p>\n","protected":false},"excerpt":{"rendered":"<p>Spor Toto 1. Lig&#8217;e y\u00fckselen \u015eanl\u0131urfaspor, orta saha oyuncusu Abdullah Ayd\u0131n&#8217;\u0131 transfer etti. Sar\u0131-ye\u015filli ekipten yap\u0131lan&#46;&#46;&#46;<\/p>\n","protected":false},"author":2,"featured_media":7667,"comment_status":"open","ping_status":"open","sticky":false,"template":"","format":"standard","meta":{"inline_featured_image":false,"footnotes":""},"categories":[88],"tags":[2245,2246,118,270,2244,131,107,130,608,122],"manset":[],"class_list":["post-7665","post","type-post","status-publish","format-standard","has-post-thumbnail","hentry","category-spor-haberleri","tag-abdullah-aydin","tag-hasim-izol","tag-sanliurfa","tag-sanliurfaspor","tag-sanliurfaspordan-orta-saha-transferi","tag-son-dakika","tag-ub","tag-urfa","tag-urfa-bugun","tag-urfaspor"],"_links":{"self":[{"href":"https:\/\/www.urfabugun.com\/index.php\/wp-json\/wp\/v2\/posts\/7665","targetHints":{"allow":["GET"]}}],"collection":[{"href":"https:\/\/www.urfabugun.com\/index.php\/wp-json\/wp\/v2\/posts"}],"about":[{"href":"https:\/\/www.urfabugun.com\/index.php\/wp-json\/wp\/v2\/types\/post"}],"author":[{"embeddable":true,"href":"https:\/\/www.urfabugun.com\/index.php\/wp-json\/wp\/v2\/users\/2"}],"replies":[{"embeddable":true,"href":"https:\/\/www.urfabugun.com\/index.php\/wp-json\/wp\/v2\/comments?post=7665"}],"version-history":[{"count":0,"href":"https:\/\/www.urfabugun.com\/index.php\/wp-json\/wp\/v2\/posts\/7665\/revisions"}],"wp:featuredmedia":[{"embeddable":true,"href":"https:\/\/www.urfabugun.com\/index.php\/wp-json\/wp\/v2\/media\/7667"}],"wp:attachment":[{"href":"https:\/\/www.urfabugun.com\/index.php\/wp-json\/wp\/v2\/media?parent=7665"}],"wp:term":[{"taxonomy":"category","embeddable":true,"href":"https:\/\/www.urfabugun.com\/index.php\/wp-json\/wp\/v2\/categories?post=7665"},{"taxonomy":"post_tag","embeddable":true,"href":"https:\/\/www.urfabugun.com\/index.php\/wp-json\/wp\/v2\/tags?post=7665"},{"taxonomy":"manset","embeddable":true,"href":"https:\/\/www.urfabugun.com\/index.php\/wp-json\/wp\/v2\/manset?post=7665"}],"curies":[{"name":"wp","href":"https:\/\/api.w.org\/{rel}","templated":true}]}}