{"id":7704,"date":"2023-07-12T09:28:11","date_gmt":"2023-07-12T06:28:11","guid":{"rendered":"https:\/\/www.urfabugun.com\/?p=7704"},"modified":"2023-07-12T09:28:17","modified_gmt":"2023-07-12T06:28:17","slug":"turkiye-avrupa-birligine-girerse-ne-olur","status":"publish","type":"post","link":"https:\/\/www.urfabugun.com\/index.php\/2023\/07\/12\/turkiye-avrupa-birligine-girerse-ne-olur\/","title":{"rendered":"T\u00fcrkiye Avrupa Birli\u011fi&#8217;ne Girerse Ne Olur?"},"content":{"rendered":"\n<p><\/p>\n\n\n\n<p><strong>Cumhurba\u015fkan\u0131 Erdo\u011fan, bug\u00fcn T\u00fcrkiye&#8217;nin Avrupa Birli\u011fi&#8217;ne \u00fcyeli\u011finin \u00f6n\u00fcn\u00fcn a\u00e7\u0131lmas\u0131 gerekti\u011fine bir kez daha vurgu yapt\u0131. Bunun ard\u0131ndan NATO Genel Sekreteri Stoltenberg&#8217;ten ve Beyaz Saray&#8217;dan destek a\u00e7\u0131klamas\u0131 geldi. Peki T\u00fcrkiye&#8217;nin y\u0131llard\u0131r \u00fcye olmak i\u00e7in tart\u0131\u015fmalar y\u00fcr\u00fctt\u00fc\u011f\u00fc Avrupa Birli\u011fi&#8217;ne girersek ne olur?<\/strong><\/p>\n\n\n\n<p><strong>HER T\u00dcRK\u0130YE CUMHUR\u0130YET\u0130 VATANDA\u015eI AB VATANDA\u015eI OLACAK<\/strong><\/p>\n\n\n\n<p>AB \u00fcyeli\u011fi ile birlikte, T\u00fcrkiye Cumhuriyeti vatanda\u015flar\u0131 ayn\u0131 zamanda AB vatanda\u015f\u0131 olacak ve Birlik \u00fcyelerinin yararland\u0131\u011f\u0131 t\u00fcm haklardan faydalanabilecek. Pasaport olmadan da, n\u00fcfus c\u00fczdan\u0131 ya da ge\u00e7erli bir kimlik kart\u0131 ile di\u011fer \u00fcye \u00fclkelere seyahat edebilecekler. Bu \u00fclkelerde\u00f6\u011frenim g\u00f6rebilecek ve \u00e7al\u0131\u015fabilecekler.<\/p>\n\n\n\n<p><strong>K\u0130ML\u0130K KARTI \u0130LE AVRUPA \u00dcLKELER\u0130NE G\u0130D\u0130LEB\u0130LECEK<\/strong><\/p>\n\n\n\n<p>Yukar\u0131da da belirtti\u011fimiz gibi, dileyen herkes AB \u00fcyesi olan \u00fclkelere pasaporta gerek kalmadan yaln\u0131zca kimlik kart\u0131 ile gidebilecek.<\/p>\n\n\n\n<p><strong>T\u00dcRK\u00c7E, AVRUPA B\u0130RL\u0130\u011e\u0130&#8217;N\u0130N RESM\u0130 D\u0130LLER\u0130NDEN B\u0130R\u0130 OLACAK<\/strong><\/p>\n\n\n\n<p>T\u00fcm AB \u00fcyesi \u00fclkelerin dilleri, Avrupa Birli\u011fi&#8217;nin resmi dili olarak kabul edildi\u011finden, \u00fcyelikle birlikte T\u00fcrk\u00e7e de resmi AB dillerinden biri olacak. AB&#8217;nin resmi evraklar\u0131 ve internet sitesi T\u00fcrk\u00e7e&#8217;ye de \u00e7evirilecek. AB kurumlar\u0131 ile yaz\u0131\u015fmalar, ba\u015fvurular, \u015fikayetler T\u00fcrk\u00e7e yap\u0131labilecek, yan\u0131tlar T\u00fcrk\u00e7e al\u0131nabilecek. AB mevzuat\u0131ndaki geli\u015fmeler T\u00fcrk\u00e7e de yay\u0131nlanacak. Yabanc\u0131 dil bilmemek, AB ile ileti\u015fim kurmakta, AB belgelerini izlemekte sorun olmaktan \u00e7\u0131kacak.<\/p>\n\n\n\n<p><strong>T\u00dcRK\u0130YE \u0130STED\u0130\u011e\u0130 DURUMDA ORTAK PARA B\u0130R\u0130M\u0130 OLAN EURO&#8217;YA GE\u00c7EB\u0130LECEK<\/strong><\/p>\n\n\n\n<p>T\u00fcrkiye, istedi\u011fi zaman T\u00fcrk Liras\u0131 kullan\u0131m\u0131ndan vazge\u00e7erek ortak para birimi olan Euro&#8217;ya ge\u00e7ebilir. Bununla birlikte kur fark\u0131 problemi, para de\u011fi\u015ftirme ve benzeri i\u015flemlerden kaynaklanan komisyon \u00fccretleri ve kambiyo marjlar\u0131 gibi ek maliyetler ortadan kalkacak.<\/p>\n\n\n\n<p>Kaynak : \u00d6grencikariyeri<\/p>\n","protected":false},"excerpt":{"rendered":"<p>Cumhurba\u015fkan\u0131 Erdo\u011fan, bug\u00fcn T\u00fcrkiye&#8217;nin Avrupa Birli\u011fi&#8217;ne \u00fcyeli\u011finin \u00f6n\u00fcn\u00fcn a\u00e7\u0131lmas\u0131 gerekti\u011fine bir kez daha vurgu yapt\u0131. Bunun&#46;&#46;&#46;<\/p>\n","protected":false},"author":2,"featured_media":7706,"comment_status":"open","ping_status":"open","sticky":false,"template":"","format":"standard","meta":{"inline_featured_image":false,"footnotes":""},"categories":[78],"tags":[2258,237,146,2259,107,93],"manset":[],"class_list":["post-7704","post","type-post","status-publish","format-standard","has-post-thumbnail","hentry","category-dunya-haberleri","tag-ab","tag-erdogan","tag-turkiye","tag-turkiye-avrupa-birligine-girerse-ne-olur","tag-ub","tag-ust"],"_links":{"self":[{"href":"https:\/\/www.urfabugun.com\/index.php\/wp-json\/wp\/v2\/posts\/7704","targetHints":{"allow":["GET"]}}],"collection":[{"href":"https:\/\/www.urfabugun.com\/index.php\/wp-json\/wp\/v2\/posts"}],"about":[{"href":"https:\/\/www.urfabugun.com\/index.php\/wp-json\/wp\/v2\/types\/post"}],"author":[{"embeddable":true,"href":"https:\/\/www.urfabugun.com\/index.php\/wp-json\/wp\/v2\/users\/2"}],"replies":[{"embeddable":true,"href":"https:\/\/www.urfabugun.com\/index.php\/wp-json\/wp\/v2\/comments?post=7704"}],"version-history":[{"count":0,"href":"https:\/\/www.urfabugun.com\/index.php\/wp-json\/wp\/v2\/posts\/7704\/revisions"}],"wp:featuredmedia":[{"embeddable":true,"href":"https:\/\/www.urfabugun.com\/index.php\/wp-json\/wp\/v2\/media\/7706"}],"wp:attachment":[{"href":"https:\/\/www.urfabugun.com\/index.php\/wp-json\/wp\/v2\/media?parent=7704"}],"wp:term":[{"taxonomy":"category","embeddable":true,"href":"https:\/\/www.urfabugun.com\/index.php\/wp-json\/wp\/v2\/categories?post=7704"},{"taxonomy":"post_tag","embeddable":true,"href":"https:\/\/www.urfabugun.com\/index.php\/wp-json\/wp\/v2\/tags?post=7704"},{"taxonomy":"manset","embeddable":true,"href":"https:\/\/www.urfabugun.com\/index.php\/wp-json\/wp\/v2\/manset?post=7704"}],"curies":[{"name":"wp","href":"https:\/\/api.w.org\/{rel}","templated":true}]}}