{"id":7736,"date":"2023-07-12T21:47:33","date_gmt":"2023-07-12T18:47:33","guid":{"rendered":"https:\/\/www.urfabugun.com\/?p=7736"},"modified":"2023-07-12T22:18:27","modified_gmt":"2023-07-12T19:18:27","slug":"sanliurfada-kuduz-tedavisi-genc-mimar-goren-kisi-oldu","status":"publish","type":"post","link":"https:\/\/www.urfabugun.com\/index.php\/2023\/07\/12\/sanliurfada-kuduz-tedavisi-genc-mimar-goren-kisi-oldu\/","title":{"rendered":"\u015eanl\u0131urfa&#8217;da Kuduz Tedavisi G\u00f6ren Gen\u00e7 Mimar \u00d6ld\u00fc!"},"content":{"rendered":"\n<p><\/p>\n\n\n\n<p><strong>\u015eanl\u0131urfa&#8217;n\u0131n Siverek il\u00e7esinde, yakla\u015f\u0131k 1 ay \u00f6nce k\u00f6pe\u011finin \u0131s\u0131rmas\u0131 sonucu kuduz \u015f\u00fcphesiyle tedaviye al\u0131nan ki\u015fi, kurtar\u0131lamad\u0131.<\/strong><\/p>\n\n\n\n<p>\u0130l\u00e7ede, 12 Haziran Pazartesi g\u00fcn\u00fc k\u00f6pe\u011fi taraf\u0131ndan \u0131s\u0131r\u0131lan mimar L\u00fctf\u00fc Seray, olay\u0131n ard\u0131ndan Siverek Devlet Hastanesinde tedavi alt\u0131na al\u0131nd\u0131.<\/p>\n\n\n\n<p>\u0130lk m\u00fcdahalesinin ard\u0131ndan Gaziantep&#8217;teki \u00f6zel bir hastaneye kald\u0131r\u0131lan Seray, yakla\u015f\u0131k 1 ay s\u00fcren tedavisine ra\u011fmen kurtar\u0131lamad\u0131.<\/p>\n\n\n\n<p>Siverek Kaymakaml\u0131\u011f\u0131ndan konuya ili\u015fkin yap\u0131lan a\u00e7\u0131klamada, \u015fu ifadelere yer verildi:<\/p>\n\n\n\n<p>&#8220;Yakla\u015f\u0131k bir ay s\u00fcren tedavi sonucunda vatanda\u015f\u0131m\u0131z\u0131n kurtar\u0131lamayarak vefat etti\u011fini b\u00fcy\u00fck bir teess\u00fcrle \u00f6\u011frenmi\u015f bulunmaktay\u0131z. Kuduz vakas\u0131n\u0131n \u00f6\u011frenilmesinin akabinde ilgili b\u00fct\u00fcn kurumlar hassasiyetle s\u00fcreci takip etmi\u015f, yap\u0131lan incelemeler, al\u0131nan kararlar ve tedbirler sonucu \u00e7al\u0131\u015fmalara ba\u015flanm\u0131\u015f, konu b\u00fct\u00fcn y\u00f6nleriyle takip edilmi\u015ftir. Vefat eden vatanda\u015f\u0131m\u0131za Allah&#8217;tan rahmet, kederli ailesine ve sevenlerine ba\u015fsa\u011fl\u0131\u011f\u0131 dileriz.&#8221;<\/p>\n","protected":false},"excerpt":{"rendered":"<p>\u015eanl\u0131urfa&#8217;n\u0131n Siverek il\u00e7esinde, yakla\u015f\u0131k 1 ay \u00f6nce k\u00f6pe\u011finin \u0131s\u0131rmas\u0131 sonucu kuduz \u015f\u00fcphesiyle tedaviye al\u0131nan ki\u015fi, kurtar\u0131lamad\u0131.&#46;&#46;&#46;<\/p>\n","protected":false},"author":2,"featured_media":7738,"comment_status":"open","ping_status":"open","sticky":false,"template":"","format":"standard","meta":{"inline_featured_image":false,"footnotes":""},"categories":[75],"tags":[2271,118,2272,107],"manset":[],"class_list":["post-7736","post","type-post","status-publish","format-standard","has-post-thumbnail","hentry","category-asayis-haberleri","tag-lutfu-seray","tag-sanliurfa","tag-sanliurfada-kuduz-tedavisi-genc-mimar-goren-kisi-oldu","tag-ub"],"_links":{"self":[{"href":"https:\/\/www.urfabugun.com\/index.php\/wp-json\/wp\/v2\/posts\/7736","targetHints":{"allow":["GET"]}}],"collection":[{"href":"https:\/\/www.urfabugun.com\/index.php\/wp-json\/wp\/v2\/posts"}],"about":[{"href":"https:\/\/www.urfabugun.com\/index.php\/wp-json\/wp\/v2\/types\/post"}],"author":[{"embeddable":true,"href":"https:\/\/www.urfabugun.com\/index.php\/wp-json\/wp\/v2\/users\/2"}],"replies":[{"embeddable":true,"href":"https:\/\/www.urfabugun.com\/index.php\/wp-json\/wp\/v2\/comments?post=7736"}],"version-history":[{"count":0,"href":"https:\/\/www.urfabugun.com\/index.php\/wp-json\/wp\/v2\/posts\/7736\/revisions"}],"wp:featuredmedia":[{"embeddable":true,"href":"https:\/\/www.urfabugun.com\/index.php\/wp-json\/wp\/v2\/media\/7738"}],"wp:attachment":[{"href":"https:\/\/www.urfabugun.com\/index.php\/wp-json\/wp\/v2\/media?parent=7736"}],"wp:term":[{"taxonomy":"category","embeddable":true,"href":"https:\/\/www.urfabugun.com\/index.php\/wp-json\/wp\/v2\/categories?post=7736"},{"taxonomy":"post_tag","embeddable":true,"href":"https:\/\/www.urfabugun.com\/index.php\/wp-json\/wp\/v2\/tags?post=7736"},{"taxonomy":"manset","embeddable":true,"href":"https:\/\/www.urfabugun.com\/index.php\/wp-json\/wp\/v2\/manset?post=7736"}],"curies":[{"name":"wp","href":"https:\/\/api.w.org\/{rel}","templated":true}]}}