{"id":7767,"date":"2023-07-13T13:21:19","date_gmt":"2023-07-13T10:21:19","guid":{"rendered":"https:\/\/www.urfabugun.com\/?p=7767"},"modified":"2023-07-13T13:21:25","modified_gmt":"2023-07-13T10:21:25","slug":"ufuk-ozkan-sevenlerini-uzdu-organ-nakli-icin-basvuruda-bulundu","status":"publish","type":"post","link":"https:\/\/www.urfabugun.com\/index.php\/2023\/07\/13\/ufuk-ozkan-sevenlerini-uzdu-organ-nakli-icin-basvuruda-bulundu\/","title":{"rendered":"Ufuk \u00d6zkan Sevenlerini \u00dczd\u00fc: Organ Nakli \u0130\u00e7in Ba\u015fvuruda Bulundu!"},"content":{"rendered":"\n<p><\/p>\n\n\n\n<p><strong><em>48 ya\u015f\u0131ndaki \u00fcnl\u00fc oyuncu Ufuk \u00d6zkan yapt\u0131\u011f\u0131 a\u00e7\u0131klama ile sevenlerini \u00fczd\u00fc. Ba\u011f\u0131\u015f\u0131kl\u0131k sisteminin \u00e7\u00f6kt\u00fc\u011f\u00fc \u00f6\u011frenilen oyuncu ayr\u0131ca organ nakli i\u00e7in ba\u015fvuruda bulundu.<\/em><\/strong><\/p>\n\n\n\n<p>Rol ald\u0131\u011f\u0131 dizilerdeki ba\u015far\u0131s\u0131yla ad\u0131ndan s\u00f6z ettiren ba\u015far\u0131l\u0131 oyuncu Ufuk \u00d6zkan&#8217;\u0131n bir s\u00fcredir karaci\u011fer yetmezli\u011fiyle m\u00fccadele etti\u011fi ve \u00f6nlem ama\u00e7l\u0131 organ nakli ba\u015fvurusunda bulundu\u011fu \u00f6\u011frenildi.<\/p>\n\n\n\n<p>Oyuncunun aylar \u00f6nce yanl\u0131\u015f diyet y\u00f6ntemiyle kilo verdi\u011fini ve ba\u011f\u0131\u015f\u0131kl\u0131k sisteminin \u00e7\u00f6kt\u00fc\u011f\u00fcn\u00fc s\u00f6ylemesi yeniden g\u00fcndem oldu.<\/p>\n\n\n\n<p><strong>3 AY \u00d6NCE BA\u011eI\u015eIKLI S\u0130STEM\u0130 \u00c7\u00d6KM\u00dc\u015e<\/strong><\/p>\n\n\n\n<p>Nisan ay\u0131nda bas\u0131n mensuplar\u0131yla sohbet eden Ufuk \u00d6zkan, verdi\u011fi kilolarla ilgili &#8220;Proje i\u00e7in &#8216;5-6 kilo verebilir misin&#8217; dediler. Spor yapmay\u0131 sevmedi\u011fim i\u00e7in ara\u015ft\u0131rarak Hollywood diyetini buldum. Adamlar adam ak\u0131ll\u0131 yap\u0131yor tabi ama ben bir s\u00fcre sonra sadece meyve yemeye ba\u015flad\u0131m. Karbonhidrat ve protein almay\u0131nca da ba\u011f\u0131\u015f\u0131kl\u0131k sistemim \u00e7\u00f6kt\u00fc. \u00c7ok daha h\u0131zl\u0131 kilo vermeye ba\u015flad\u0131m. Daha sonra kilo almaya ba\u015flad\u0131m yeniden. Sa\u011fl\u0131kla ilgili bir problem ya\u015famad\u0131m&#8221; demi\u015fti. \u015eimdilerde akci\u011fer yetmezli\u011fi ya\u015fayan oyuncunun bu s\u00f6zleri yeniden g\u00fcndeme gelirken sosyal medya kullan\u0131c\u0131lar\u0131 da &#8220;Hastal\u0131k sinyal vermi\u015f&#8221; ve &#8220;Yanl\u0131\u015f diyet y\u00fcz\u00fcnden akci\u011fer yetmezli\u011fi ya\u015f\u0131yor&#8221; yorumlar\u0131 yapt\u0131.<\/p>\n\n\n\n<p><strong>&#8220;KARAC\u0130\u011eER\u0130MLE \u0130LG\u0130L\u0130 PROBLEMLER YA\u015eIYORUM&#8221;<\/strong><\/p>\n\n\n\n<blockquote class=\"wp-block-quote is-layout-flow wp-block-quote-is-layout-flow\">\n<p>Akci\u011fer yetmezli\u011fiyle m\u00fccadele eden ve organ nakli ba\u015fvurusunda bulunan \u00d6zkan U\u011fur, Instagram hesab\u0131ndan sa\u011fl\u0131k durumuyla ilgili yapt\u0131\u011f\u0131 a\u00e7\u0131klamada \u015fu ifadeleri kulland\u0131: &#8220;Bug\u00fcn sa\u011fl\u0131\u011f\u0131m hakk\u0131nda \u00e7\u0131kan haberler ile ilgili sizlere bir a\u00e7\u0131klama yapmak istiyorum. Bir s\u00fcredir karaci\u011ferim ile ilgili problemler ya\u015f\u0131yorum. Organ nakli gereklili\u011fi ihtimaline kar\u015f\u0131 da tabii ki uzman doktorlar taraf\u0131ndan durumum g\u00f6zlem alt\u0131nda kontrollerim d\u00fczenli olarak yap\u0131l\u0131yor. Geli\u015febilecek s\u00fcre\u00e7ler ile ilgili \u00f6nceden g\u00f6r\u00fc\u015fmeler yap\u0131l\u0131yor. Sevenlerimden endi\u015fe dolu mesajlar ald\u0131m ve \u00e7ok \u00fcz\u00fcld\u00fc. Hayat bizleri hastal\u0131klarla beraber ya\u015famay\u0131 \u00f6\u011frenmek zorunda b\u0131rak\u0131yor. Ama ya\u015fad\u0131\u011f\u0131m bu s\u00fcre\u00e7lerin hi\u00e7bir zaman i\u015fimi etkilemesine izin vermedim. Bug\u00fcnden sonrada Allah&#8217;\u0131n izniyle b\u00f6yle bir niyetim yok en k\u0131sa zamanda yeni dizi ve filmlerle huzurunuza \u00e7\u0131kaca\u011f\u0131m. T\u00fcm sevgi dolu dua dolu mesajlar\u0131n\u0131z i\u00e7in \u00e7ok te\u015fekk\u00fcr ederim. Sayg\u0131 ve Sevgilerimle Ufuk \u00d6zkan (abiniz, karde\u015finiz) \u0130yi ki vars\u0131n\u0131z.&#8221;<\/p>\n<\/blockquote>\n","protected":false},"excerpt":{"rendered":"<p>48 ya\u015f\u0131ndaki \u00fcnl\u00fc oyuncu Ufuk \u00d6zkan yapt\u0131\u011f\u0131 a\u00e7\u0131klama ile sevenlerini \u00fczd\u00fc. Ba\u011f\u0131\u015f\u0131kl\u0131k sisteminin \u00e7\u00f6kt\u00fc\u011f\u00fc \u00f6\u011frenilen oyuncu&#46;&#46;&#46;<\/p>\n","protected":false},"author":2,"featured_media":7769,"comment_status":"open","ping_status":"open","sticky":false,"template":"","format":"standard","meta":{"inline_featured_image":false,"footnotes":""},"categories":[87,85],"tags":[2284,115,139,107,2283],"manset":[],"class_list":["post-7767","post","type-post","status-publish","format-standard","has-post-thumbnail","hentry","category-saglik-haberleri","category-magazin-haberleri","tag-akciger-yetmezligi","tag-magazin","tag-sondakika","tag-ub","tag-ufuk-ozkan"],"_links":{"self":[{"href":"https:\/\/www.urfabugun.com\/index.php\/wp-json\/wp\/v2\/posts\/7767","targetHints":{"allow":["GET"]}}],"collection":[{"href":"https:\/\/www.urfabugun.com\/index.php\/wp-json\/wp\/v2\/posts"}],"about":[{"href":"https:\/\/www.urfabugun.com\/index.php\/wp-json\/wp\/v2\/types\/post"}],"author":[{"embeddable":true,"href":"https:\/\/www.urfabugun.com\/index.php\/wp-json\/wp\/v2\/users\/2"}],"replies":[{"embeddable":true,"href":"https:\/\/www.urfabugun.com\/index.php\/wp-json\/wp\/v2\/comments?post=7767"}],"version-history":[{"count":0,"href":"https:\/\/www.urfabugun.com\/index.php\/wp-json\/wp\/v2\/posts\/7767\/revisions"}],"wp:featuredmedia":[{"embeddable":true,"href":"https:\/\/www.urfabugun.com\/index.php\/wp-json\/wp\/v2\/media\/7769"}],"wp:attachment":[{"href":"https:\/\/www.urfabugun.com\/index.php\/wp-json\/wp\/v2\/media?parent=7767"}],"wp:term":[{"taxonomy":"category","embeddable":true,"href":"https:\/\/www.urfabugun.com\/index.php\/wp-json\/wp\/v2\/categories?post=7767"},{"taxonomy":"post_tag","embeddable":true,"href":"https:\/\/www.urfabugun.com\/index.php\/wp-json\/wp\/v2\/tags?post=7767"},{"taxonomy":"manset","embeddable":true,"href":"https:\/\/www.urfabugun.com\/index.php\/wp-json\/wp\/v2\/manset?post=7767"}],"curies":[{"name":"wp","href":"https:\/\/api.w.org\/{rel}","templated":true}]}}