{"id":7779,"date":"2023-07-14T10:41:38","date_gmt":"2023-07-14T07:41:38","guid":{"rendered":"https:\/\/www.urfabugun.com\/?p=7779"},"modified":"2023-07-14T10:41:45","modified_gmt":"2023-07-14T07:41:45","slug":"sanliurfada-sarampole-devrilen-otomobildeki-4-kisi-yaralandi","status":"publish","type":"post","link":"https:\/\/www.urfabugun.com\/index.php\/2023\/07\/14\/sanliurfada-sarampole-devrilen-otomobildeki-4-kisi-yaralandi\/","title":{"rendered":"\u015eanl\u0131urfa&#8217;da \u015earampole Devrilen Otomobildeki 4 Ki\u015fi Yaraland\u0131!"},"content":{"rendered":"\n<p><\/p>\n\n\n\n<p><strong>\u015eanl\u0131urfa&#8217;n\u0131n Siverek il\u00e7esinde otomobilin \u015farampole devrilmesi sonucu 4 ki\u015fi yaraland\u0131.<\/strong><\/p>\n\n\n\n<p>Yunus San\u0131r idaresindeki 56 AG 015 plakal\u0131 otomobil, Siverek-Diyarbak\u0131r kara yolunun 15. kilometresinde \u015farampole devrildi.<\/p>\n\n\n\n<p>Kazada, s\u00fcr\u00fcc\u00fc ile ayn\u0131 aileden Sena, Zeynep ve Ubeydullah San\u0131r yaraland\u0131.<\/p>\n\n\n\n<p>Yaral\u0131lar, sa\u011fl\u0131k ekiplerince Siverek Devlet Hastanesine kald\u0131r\u0131ld\u0131.<\/p>\n\n\n\n<p>Kaza sonras\u0131 otomobilde \u00e7\u0131kan yang\u0131n, itfaiye ekiplerince s\u00f6nd\u00fcr\u00fcld\u00fc. Otomobil, kullan\u0131lamaz hale geldi.<\/p>\n","protected":false},"excerpt":{"rendered":"<p>\u015eanl\u0131urfa&#8217;n\u0131n Siverek il\u00e7esinde otomobilin \u015farampole devrilmesi sonucu 4 ki\u015fi yaraland\u0131. Yunus San\u0131r idaresindeki 56 AG 015&#46;&#46;&#46;<\/p>\n","protected":false},"author":2,"featured_media":7781,"comment_status":"open","ping_status":"open","sticky":false,"template":"","format":"standard","meta":{"inline_featured_image":false,"footnotes":""},"categories":[75],"tags":[118,2287,131,107,2288],"manset":[],"class_list":["post-7779","post","type-post","status-publish","format-standard","has-post-thumbnail","hentry","category-asayis-haberleri","tag-sanliurfa","tag-sanliurfada-sarampole-devrilen-otomobildeki-4-kisi-yaralandi","tag-son-dakika","tag-ub","tag-ubeydullah-sanir"],"_links":{"self":[{"href":"https:\/\/www.urfabugun.com\/index.php\/wp-json\/wp\/v2\/posts\/7779","targetHints":{"allow":["GET"]}}],"collection":[{"href":"https:\/\/www.urfabugun.com\/index.php\/wp-json\/wp\/v2\/posts"}],"about":[{"href":"https:\/\/www.urfabugun.com\/index.php\/wp-json\/wp\/v2\/types\/post"}],"author":[{"embeddable":true,"href":"https:\/\/www.urfabugun.com\/index.php\/wp-json\/wp\/v2\/users\/2"}],"replies":[{"embeddable":true,"href":"https:\/\/www.urfabugun.com\/index.php\/wp-json\/wp\/v2\/comments?post=7779"}],"version-history":[{"count":0,"href":"https:\/\/www.urfabugun.com\/index.php\/wp-json\/wp\/v2\/posts\/7779\/revisions"}],"wp:featuredmedia":[{"embeddable":true,"href":"https:\/\/www.urfabugun.com\/index.php\/wp-json\/wp\/v2\/media\/7781"}],"wp:attachment":[{"href":"https:\/\/www.urfabugun.com\/index.php\/wp-json\/wp\/v2\/media?parent=7779"}],"wp:term":[{"taxonomy":"category","embeddable":true,"href":"https:\/\/www.urfabugun.com\/index.php\/wp-json\/wp\/v2\/categories?post=7779"},{"taxonomy":"post_tag","embeddable":true,"href":"https:\/\/www.urfabugun.com\/index.php\/wp-json\/wp\/v2\/tags?post=7779"},{"taxonomy":"manset","embeddable":true,"href":"https:\/\/www.urfabugun.com\/index.php\/wp-json\/wp\/v2\/manset?post=7779"}],"curies":[{"name":"wp","href":"https:\/\/api.w.org\/{rel}","templated":true}]}}