{"id":7783,"date":"2023-07-14T12:21:14","date_gmt":"2023-07-14T09:21:14","guid":{"rendered":"https:\/\/www.urfabugun.com\/?p=7783"},"modified":"2023-07-14T12:44:24","modified_gmt":"2023-07-14T09:44:24","slug":"18-25-yas-arasi-genclere-ucretsiz-muze-kart-uygulamasi-basladi","status":"publish","type":"post","link":"https:\/\/www.urfabugun.com\/index.php\/2023\/07\/14\/18-25-yas-arasi-genclere-ucretsiz-muze-kart-uygulamasi-basladi\/","title":{"rendered":"18-25 Ya\u015f Aras\u0131 Gen\u00e7lere \u00dccretsiz M\u00fcze Kart Uygulamas\u0131 Ba\u015flad\u0131!"},"content":{"rendered":"\n<p><\/p>\n\n\n\n<p><strong>Gen\u00e7lik ve Spor Bakan\u0131 Osman A\u015fk\u0131n Bak, 18-25 ya\u015f aras\u0131ndaki t\u00fcm gen\u00e7lere \u00fccretsiz &#8220;M\u00fczekart GNS&#8221; verilece\u011fini a\u00e7\u0131klad\u0131.<\/strong><\/p>\n\n\n\n<p>Bakan Bak, sosyal medya hesab\u0131ndan yapt\u0131\u011f\u0131 payla\u015f\u0131mda, &#8220;Gen\u00e7ler, M\u00fczekart GNS bu y\u0131l da \u00fccretsiz olarak hizmetinizde. Gen\u00e7 Ne Sever Platformumuzla g\u00f6nl\u00fcn\u00fczden ge\u00e7enleri ger\u00e7ekle\u015ftirmeye devam ediyoruz.&#8221; ifadelerine yer verdi.<\/p>\n\n\n\n<p>Projeden faydalanmak isteyen 18-25 ya\u015f aras\u0131 gen\u00e7ler, &#8220;muzekartgns.com&#8221; adresi \u00fczerinden ba\u015fvuru yaparak dijital kartlar\u0131n\u0131 olu\u015fturacak ve \u00fclke genelindeki 300&#8217;den fazla m\u00fcze ve \u00f6ren yerini tekrar \u00fccretsiz g\u00f6rme imkan\u0131 bulacak.<\/p>\n","protected":false},"excerpt":{"rendered":"<p>Gen\u00e7lik ve Spor Bakan\u0131 Osman A\u015fk\u0131n Bak, 18-25 ya\u015f aras\u0131ndaki t\u00fcm gen\u00e7lere \u00fccretsiz &#8220;M\u00fczekart GNS&#8221; verilece\u011fini&#46;&#46;&#46;<\/p>\n","protected":false},"author":2,"featured_media":7785,"comment_status":"open","ping_status":"open","sticky":false,"template":"","format":"standard","meta":{"inline_featured_image":false,"footnotes":""},"categories":[82,84],"tags":[2289,2290,2291,1870,107,93],"manset":[],"class_list":["post-7783","post","type-post","status-publish","format-standard","has-post-thumbnail","hentry","category-gundem-haberleri","category-kultur-sanat-haberleri","tag-18-25-yas-arasi-genclere-ucretsiz-muze-kart-uygulamasi-basladi","tag-genclik-ve-spor-bakani-osman-askin-bak","tag-gsb","tag-muze","tag-ub","tag-ust"],"_links":{"self":[{"href":"https:\/\/www.urfabugun.com\/index.php\/wp-json\/wp\/v2\/posts\/7783","targetHints":{"allow":["GET"]}}],"collection":[{"href":"https:\/\/www.urfabugun.com\/index.php\/wp-json\/wp\/v2\/posts"}],"about":[{"href":"https:\/\/www.urfabugun.com\/index.php\/wp-json\/wp\/v2\/types\/post"}],"author":[{"embeddable":true,"href":"https:\/\/www.urfabugun.com\/index.php\/wp-json\/wp\/v2\/users\/2"}],"replies":[{"embeddable":true,"href":"https:\/\/www.urfabugun.com\/index.php\/wp-json\/wp\/v2\/comments?post=7783"}],"version-history":[{"count":0,"href":"https:\/\/www.urfabugun.com\/index.php\/wp-json\/wp\/v2\/posts\/7783\/revisions"}],"wp:featuredmedia":[{"embeddable":true,"href":"https:\/\/www.urfabugun.com\/index.php\/wp-json\/wp\/v2\/media\/7785"}],"wp:attachment":[{"href":"https:\/\/www.urfabugun.com\/index.php\/wp-json\/wp\/v2\/media?parent=7783"}],"wp:term":[{"taxonomy":"category","embeddable":true,"href":"https:\/\/www.urfabugun.com\/index.php\/wp-json\/wp\/v2\/categories?post=7783"},{"taxonomy":"post_tag","embeddable":true,"href":"https:\/\/www.urfabugun.com\/index.php\/wp-json\/wp\/v2\/tags?post=7783"},{"taxonomy":"manset","embeddable":true,"href":"https:\/\/www.urfabugun.com\/index.php\/wp-json\/wp\/v2\/manset?post=7783"}],"curies":[{"name":"wp","href":"https:\/\/api.w.org\/{rel}","templated":true}]}}