{"id":7806,"date":"2023-07-15T08:17:25","date_gmt":"2023-07-15T05:17:25","guid":{"rendered":"https:\/\/www.urfabugun.com\/?p=7806"},"modified":"2023-07-15T08:17:31","modified_gmt":"2023-07-15T05:17:31","slug":"urfada-arac-sulama-kanalina-dustu-surucu-kayip","status":"publish","type":"post","link":"https:\/\/www.urfabugun.com\/index.php\/2023\/07\/15\/urfada-arac-sulama-kanalina-dustu-surucu-kayip\/","title":{"rendered":"Urfa&#8217;da Ara\u00e7, Sulama Kanal\u0131na D\u00fc\u015ft\u00fc: S\u00fcr\u00fcc\u00fc Kay\u0131p!"},"content":{"rendered":"\n<p><\/p>\n\n\n\n<p><strong>\u015eanl\u0131urfa&#8217;n\u0131n Viran\u015fehir il\u00e7esinde sulama kanal\u0131na devrilen hafif ticari arac\u0131n kaybolan s\u00fcr\u00fcc\u00fcs\u00fc aran\u0131yor.<\/strong><\/p>\n\n\n\n<p>Nevaf Cantekin&#8217;in(60) kulland\u0131\u011f\u0131 plakas\u0131 hen\u00fcz belirlenemeyen hafif ticari ara\u00e7, k\u0131rsal Sergen Mahallesi yak\u0131nlar\u0131nda sulama kanal\u0131na d\u00fc\u015ft\u00fc.<\/p>\n\n\n\n<p>Kazan\u0131n bildirilmesi \u00fczerine olay yerine jandarma, sa\u011fl\u0131k ve itfaiye ekipleri sevk edildi.<\/p>\n\n\n\n<p>Suda kaybolan s\u00fcr\u00fcc\u00fc Cantekin&#8217;in bulunmas\u0131 i\u00e7in ekipler, kanalda arama \u00e7al\u0131\u015fmas\u0131 ba\u015flatt\u0131.<\/p>\n","protected":false},"excerpt":{"rendered":"<p>\u015eanl\u0131urfa&#8217;n\u0131n Viran\u015fehir il\u00e7esinde sulama kanal\u0131na devrilen hafif ticari arac\u0131n kaybolan s\u00fcr\u00fcc\u00fcs\u00fc aran\u0131yor. Nevaf Cantekin&#8217;in(60) kulland\u0131\u011f\u0131 plakas\u0131&#46;&#46;&#46;<\/p>\n","protected":false},"author":2,"featured_media":7808,"comment_status":"open","ping_status":"open","sticky":false,"template":"","format":"standard","meta":{"inline_featured_image":false,"footnotes":""},"categories":[75],"tags":[2301,2300,131,2299,107,2298,226],"manset":[],"class_list":["post-7806","post","type-post","status-publish","format-standard","has-post-thumbnail","hentry","category-asayis-haberleri","tag-arac-sulama-kanalina-uctu","tag-nevat-cantekin","tag-son-dakika","tag-sulama-kanalina-dustu-surucu-kayip","tag-ub","tag-urfada-arac","tag-viransehir"],"_links":{"self":[{"href":"https:\/\/www.urfabugun.com\/index.php\/wp-json\/wp\/v2\/posts\/7806","targetHints":{"allow":["GET"]}}],"collection":[{"href":"https:\/\/www.urfabugun.com\/index.php\/wp-json\/wp\/v2\/posts"}],"about":[{"href":"https:\/\/www.urfabugun.com\/index.php\/wp-json\/wp\/v2\/types\/post"}],"author":[{"embeddable":true,"href":"https:\/\/www.urfabugun.com\/index.php\/wp-json\/wp\/v2\/users\/2"}],"replies":[{"embeddable":true,"href":"https:\/\/www.urfabugun.com\/index.php\/wp-json\/wp\/v2\/comments?post=7806"}],"version-history":[{"count":0,"href":"https:\/\/www.urfabugun.com\/index.php\/wp-json\/wp\/v2\/posts\/7806\/revisions"}],"wp:featuredmedia":[{"embeddable":true,"href":"https:\/\/www.urfabugun.com\/index.php\/wp-json\/wp\/v2\/media\/7808"}],"wp:attachment":[{"href":"https:\/\/www.urfabugun.com\/index.php\/wp-json\/wp\/v2\/media?parent=7806"}],"wp:term":[{"taxonomy":"category","embeddable":true,"href":"https:\/\/www.urfabugun.com\/index.php\/wp-json\/wp\/v2\/categories?post=7806"},{"taxonomy":"post_tag","embeddable":true,"href":"https:\/\/www.urfabugun.com\/index.php\/wp-json\/wp\/v2\/tags?post=7806"},{"taxonomy":"manset","embeddable":true,"href":"https:\/\/www.urfabugun.com\/index.php\/wp-json\/wp\/v2\/manset?post=7806"}],"curies":[{"name":"wp","href":"https:\/\/api.w.org\/{rel}","templated":true}]}}