{"id":7826,"date":"2023-07-16T09:34:36","date_gmt":"2023-07-16T06:34:36","guid":{"rendered":"https:\/\/www.urfabugun.com\/?p=7826"},"modified":"2023-07-16T09:34:43","modified_gmt":"2023-07-16T06:34:43","slug":"tiryakilerin-keyfi-kacti-caya-1-ayin-ardindan-ikinci-zam-geldi","status":"publish","type":"post","link":"https:\/\/www.urfabugun.com\/index.php\/2023\/07\/16\/tiryakilerin-keyfi-kacti-caya-1-ayin-ardindan-ikinci-zam-geldi\/","title":{"rendered":"Tiryakilerin Keyfi Ka\u00e7t\u0131! \u00c7aya 1 Ay\u0131n Ard\u0131ndan \u0130kinci Zam Geldi"},"content":{"rendered":"\n<p><\/p>\n\n\n\n<p><strong>Ge\u00e7ti\u011fimiz ay yap\u0131lan y\u00fczde 43\u2019l\u00fck zamm\u0131n ard\u0131ndan \u00e7ay fiyatlar\u0131na yeni bir zam daha geldi. Buna g\u00f6re \u00c7aykur, kuru \u00e7ay fiyat\u0131na y\u00fczde 9,5 zam yapt\u0131.<\/strong><\/p>\n\n\n\n<p>Haziran ay\u0131n\u0131n ba\u015f\u0131nda \u00e7aya yap\u0131lan y\u00fczde 43 zamm\u0131n ard\u0131ndan temmuz ay\u0131nda kuru \u00e7ay fiyatlar\u0131na yeni bir zam daha geldi. Haziran ay\u0131ndaki y\u00fczde 43&#8217;l\u00fck zamm\u0131n ard\u0131ndan bilgi veren sekt\u00f6r payda\u015flar\u0131, \u00c7aykur&#8217;un \u00f6n\u00fcm\u00fczdeki aylarda \u00e7aya yeniden y\u00fczde 10-15 oran\u0131nda bir zam daha yapabilece\u011fini iddia etmi\u015fti.<\/p>\n\n\n\n<p>\u00c7aykur, \u00e7aya ortalama y\u00fczde 43 oran\u0131nda zam yaparken, yeni fiyat listeleri toptan sat\u0131\u015f yapan \u015firketlere de g\u00f6nderildi.<\/p>\n\n\n\n<p>B\u00f6ylelikle aradan 5 hafta ge\u00e7tikten sonra \u00e7aya ikinci zam yap\u0131lm\u0131\u015f oldu. Buna g\u00f6re \u00c7aykur temmuz ay\u0131nda \u00e7ay fiyatlar\u0131na ortalama y\u00fczde 9,5 zam yapt\u0131.<\/p>\n","protected":false},"excerpt":{"rendered":"<p>Ge\u00e7ti\u011fimiz ay yap\u0131lan y\u00fczde 43\u2019l\u00fck zamm\u0131n ard\u0131ndan \u00e7ay fiyatlar\u0131na yeni bir zam daha geldi. Buna g\u00f6re&#46;&#46;&#46;<\/p>\n","protected":false},"author":2,"featured_media":7828,"comment_status":"open","ping_status":"open","sticky":false,"template":"","format":"standard","meta":{"inline_featured_image":false,"footnotes":""},"categories":[80],"tags":[2306,2307,2309,131,2308,107,142],"manset":[],"class_list":["post-7826","post","type-post","status-publish","format-standard","has-post-thumbnail","hentry","category-ekonomi-haberleri","tag-caya-1-ayin-ardindan-ikinci-zam-geldi","tag-caya-zam-geldi","tag-caykur","tag-son-dakika","tag-tirykiler","tag-ub","tag-zam"],"_links":{"self":[{"href":"https:\/\/www.urfabugun.com\/index.php\/wp-json\/wp\/v2\/posts\/7826","targetHints":{"allow":["GET"]}}],"collection":[{"href":"https:\/\/www.urfabugun.com\/index.php\/wp-json\/wp\/v2\/posts"}],"about":[{"href":"https:\/\/www.urfabugun.com\/index.php\/wp-json\/wp\/v2\/types\/post"}],"author":[{"embeddable":true,"href":"https:\/\/www.urfabugun.com\/index.php\/wp-json\/wp\/v2\/users\/2"}],"replies":[{"embeddable":true,"href":"https:\/\/www.urfabugun.com\/index.php\/wp-json\/wp\/v2\/comments?post=7826"}],"version-history":[{"count":0,"href":"https:\/\/www.urfabugun.com\/index.php\/wp-json\/wp\/v2\/posts\/7826\/revisions"}],"wp:featuredmedia":[{"embeddable":true,"href":"https:\/\/www.urfabugun.com\/index.php\/wp-json\/wp\/v2\/media\/7828"}],"wp:attachment":[{"href":"https:\/\/www.urfabugun.com\/index.php\/wp-json\/wp\/v2\/media?parent=7826"}],"wp:term":[{"taxonomy":"category","embeddable":true,"href":"https:\/\/www.urfabugun.com\/index.php\/wp-json\/wp\/v2\/categories?post=7826"},{"taxonomy":"post_tag","embeddable":true,"href":"https:\/\/www.urfabugun.com\/index.php\/wp-json\/wp\/v2\/tags?post=7826"},{"taxonomy":"manset","embeddable":true,"href":"https:\/\/www.urfabugun.com\/index.php\/wp-json\/wp\/v2\/manset?post=7826"}],"curies":[{"name":"wp","href":"https:\/\/api.w.org\/{rel}","templated":true}]}}