{"id":7839,"date":"2023-07-16T12:26:50","date_gmt":"2023-07-16T09:26:50","guid":{"rendered":"https:\/\/www.urfabugun.com\/?p=7839"},"modified":"2023-07-16T12:26:57","modified_gmt":"2023-07-16T09:26:57","slug":"urfali-belediye-baskanin-aci-gunu","status":"publish","type":"post","link":"https:\/\/www.urfabugun.com\/index.php\/2023\/07\/16\/urfali-belediye-baskanin-aci-gunu\/","title":{"rendered":"Urfal\u0131 Belediye Ba\u015fkan\u0131n Ac\u0131 G\u00fcn\u00fc!"},"content":{"rendered":"\n<p><\/p>\n\n\n\n<p><strong>Halfeti Belediye Ba\u015fkan\u0131 \u015eeref Albayrak\u2019\u0131n ye\u011feni Turgut Albayrak ge\u00e7irdi\u011fi trafik kazas\u0131nda hayat\u0131n\u0131 kaybetti.<\/strong><\/p>\n\n\n\n<p>Edinilen bilgiye g\u00f6re, Y\u0131ld\u0131zeli\u2019den Sivas istikametine giden Halfeti Belediye Ba\u015fkan\u0131 \u015eeref Albayrak\u2019\u0131n ye\u011feni Turgut Albayrak y\u00f6netimindeki 54 AEZ 831 plakal\u0131 otomobil, s\u00fcr\u00fcc\u00fcs\u00fcn\u00fcn direksiyon h\u00e2kimiyetini kaybetmesi sonucu devrildi.<\/p>\n\n\n\n<p>Arac\u0131n ref\u00fcje \u00e7\u0131kt\u0131\u011f\u0131 kazada s\u00fcr\u00fcc\u00fc Albayrak ile yan\u0131ndaki Erdal Dolgun, olay yerinde ya\u015fam\u0131n\u0131 yitirdi.<\/p>\n\n\n\n<p>Cenazeler, otopsi i\u00e7in Sivas Cumhuriyet \u00dcniversitesi T\u0131p Fak\u00fcltesi Hastanesi\u2019nin morguna kald\u0131r\u0131ld\u0131. Kazayla ilgili inceleme ba\u015flat\u0131ld\u0131.<\/p>\n","protected":false},"excerpt":{"rendered":"<p>Halfeti Belediye Ba\u015fkan\u0131 \u015eeref Albayrak\u2019\u0131n ye\u011feni Turgut Albayrak ge\u00e7irdi\u011fi trafik kazas\u0131nda hayat\u0131n\u0131 kaybetti. Edinilen bilgiye g\u00f6re,&#46;&#46;&#46;<\/p>\n","protected":false},"author":2,"featured_media":7841,"comment_status":"open","ping_status":"open","sticky":false,"template":"","format":"standard","meta":{"inline_featured_image":false,"footnotes":""},"categories":[75],"tags":[184,2316,2315,131,107,608,2314],"manset":[],"class_list":["post-7839","post","type-post","status-publish","format-standard","has-post-thumbnail","hentry","category-asayis-haberleri","tag-asayis","tag-halfeti-belediye-baskanin-aci-gunu","tag-seref-albayrak","tag-son-dakika","tag-ub","tag-urfa-bugun","tag-urfali-belediye-baskanin-aci-gunu"],"_links":{"self":[{"href":"https:\/\/www.urfabugun.com\/index.php\/wp-json\/wp\/v2\/posts\/7839","targetHints":{"allow":["GET"]}}],"collection":[{"href":"https:\/\/www.urfabugun.com\/index.php\/wp-json\/wp\/v2\/posts"}],"about":[{"href":"https:\/\/www.urfabugun.com\/index.php\/wp-json\/wp\/v2\/types\/post"}],"author":[{"embeddable":true,"href":"https:\/\/www.urfabugun.com\/index.php\/wp-json\/wp\/v2\/users\/2"}],"replies":[{"embeddable":true,"href":"https:\/\/www.urfabugun.com\/index.php\/wp-json\/wp\/v2\/comments?post=7839"}],"version-history":[{"count":0,"href":"https:\/\/www.urfabugun.com\/index.php\/wp-json\/wp\/v2\/posts\/7839\/revisions"}],"wp:featuredmedia":[{"embeddable":true,"href":"https:\/\/www.urfabugun.com\/index.php\/wp-json\/wp\/v2\/media\/7841"}],"wp:attachment":[{"href":"https:\/\/www.urfabugun.com\/index.php\/wp-json\/wp\/v2\/media?parent=7839"}],"wp:term":[{"taxonomy":"category","embeddable":true,"href":"https:\/\/www.urfabugun.com\/index.php\/wp-json\/wp\/v2\/categories?post=7839"},{"taxonomy":"post_tag","embeddable":true,"href":"https:\/\/www.urfabugun.com\/index.php\/wp-json\/wp\/v2\/tags?post=7839"},{"taxonomy":"manset","embeddable":true,"href":"https:\/\/www.urfabugun.com\/index.php\/wp-json\/wp\/v2\/manset?post=7839"}],"curies":[{"name":"wp","href":"https:\/\/api.w.org\/{rel}","templated":true}]}}