{"id":7860,"date":"2023-07-17T09:07:08","date_gmt":"2023-07-17T06:07:08","guid":{"rendered":"https:\/\/www.urfabugun.com\/?p=7860"},"modified":"2023-07-17T09:07:14","modified_gmt":"2023-07-17T06:07:14","slug":"sanliurfanin-karakopru-ilcesinde-is-yerini-kursun-yagmuruna-tuttular","status":"publish","type":"post","link":"https:\/\/www.urfabugun.com\/index.php\/2023\/07\/17\/sanliurfanin-karakopru-ilcesinde-is-yerini-kursun-yagmuruna-tuttular\/","title":{"rendered":"\u015eanl\u0131urfa\u2019n\u0131n Karak\u00f6pr\u00fc \u0130l\u00e7esinde \u0130\u015f Yerini Kur\u015fun Ya\u011fmuruna Tuttular!"},"content":{"rendered":"\n<p><\/p>\n\n\n\n<p><strong>\u015eanl\u0131urfa\u2019n\u0131n Karak\u00f6pr\u00fc il\u00e7esinde bir i\u015f yeri kimli\u011fi belirsiz ki\u015fi ya da ki\u015filerce silahla kur\u015funland\u0131.<\/strong><\/p>\n\n\n\n<p>Olay gece ge\u00e7 saatlerde \u015eanl\u0131urfa\u2019n\u0131n Karak\u00f6pr\u00fc il\u00e7esine ba\u011fl\u0131 Gap Bulvar\u0131 mevkiinde meydana geldi.<\/p>\n\n\n\n<p>Edinilen bilgiye g\u00f6re, otomotiv sekt\u00f6r\u00fcnde faaliyet g\u00f6steren i\u015f yeri kimli\u011fi belirsiz ki\u015fi ya da ki\u015filer taraf\u0131ndan silahla kur\u015funland\u0131. 10 sa\u00e7man\u0131n isabet etti\u011fi i\u015fyerinde \u015fans eseri yaralanan olmazken, Silah seslerini duyan vatanda\u015flar\u0131n ihbar\u0131 \u00fczerine olay yerine polis ekibi sevk edildi.<\/p>\n\n\n\n<p>Polis ekipleri, kur\u015funlama olay\u0131n\u0131 ger\u00e7ekle\u015ftiren ki\u015fi ya da ki\u015filerin yakalanmas\u0131 i\u00e7in \u00e7al\u0131\u015fma ba\u015flatt\u0131.<\/p>\n","protected":false},"excerpt":{"rendered":"<p>\u015eanl\u0131urfa\u2019n\u0131n Karak\u00f6pr\u00fc il\u00e7esinde bir i\u015f yeri kimli\u011fi belirsiz ki\u015fi ya da ki\u015filerce silahla kur\u015funland\u0131. Olay gece&#46;&#46;&#46;<\/p>\n","protected":false},"author":2,"featured_media":7862,"comment_status":"open","ping_status":"open","sticky":false,"template":"","format":"standard","meta":{"inline_featured_image":false,"footnotes":""},"categories":[75],"tags":[184,499,2323,1181,118,131,107],"manset":[],"class_list":["post-7860","post","type-post","status-publish","format-standard","has-post-thumbnail","hentry","category-asayis-haberleri","tag-asayis","tag-karakopru","tag-karakoprude-is-yerine-silahli-saldiri","tag-saldiri","tag-sanliurfa","tag-son-dakika","tag-ub"],"_links":{"self":[{"href":"https:\/\/www.urfabugun.com\/index.php\/wp-json\/wp\/v2\/posts\/7860","targetHints":{"allow":["GET"]}}],"collection":[{"href":"https:\/\/www.urfabugun.com\/index.php\/wp-json\/wp\/v2\/posts"}],"about":[{"href":"https:\/\/www.urfabugun.com\/index.php\/wp-json\/wp\/v2\/types\/post"}],"author":[{"embeddable":true,"href":"https:\/\/www.urfabugun.com\/index.php\/wp-json\/wp\/v2\/users\/2"}],"replies":[{"embeddable":true,"href":"https:\/\/www.urfabugun.com\/index.php\/wp-json\/wp\/v2\/comments?post=7860"}],"version-history":[{"count":0,"href":"https:\/\/www.urfabugun.com\/index.php\/wp-json\/wp\/v2\/posts\/7860\/revisions"}],"wp:featuredmedia":[{"embeddable":true,"href":"https:\/\/www.urfabugun.com\/index.php\/wp-json\/wp\/v2\/media\/7862"}],"wp:attachment":[{"href":"https:\/\/www.urfabugun.com\/index.php\/wp-json\/wp\/v2\/media?parent=7860"}],"wp:term":[{"taxonomy":"category","embeddable":true,"href":"https:\/\/www.urfabugun.com\/index.php\/wp-json\/wp\/v2\/categories?post=7860"},{"taxonomy":"post_tag","embeddable":true,"href":"https:\/\/www.urfabugun.com\/index.php\/wp-json\/wp\/v2\/tags?post=7860"},{"taxonomy":"manset","embeddable":true,"href":"https:\/\/www.urfabugun.com\/index.php\/wp-json\/wp\/v2\/manset?post=7860"}],"curies":[{"name":"wp","href":"https:\/\/api.w.org\/{rel}","templated":true}]}}