{"id":7876,"date":"2023-07-17T12:41:08","date_gmt":"2023-07-17T09:41:08","guid":{"rendered":"https:\/\/www.urfabugun.com\/?p=7876"},"modified":"2023-07-17T12:55:49","modified_gmt":"2023-07-17T09:55:49","slug":"sanliurfada-orman-yangini-cok-sayida-ekip-sevk-edildi","status":"publish","type":"post","link":"https:\/\/www.urfabugun.com\/index.php\/2023\/07\/17\/sanliurfada-orman-yangini-cok-sayida-ekip-sevk-edildi\/","title":{"rendered":"\u015eanl\u0131urfa\u2019da Orman Yang\u0131n\u0131! \u00c7ok Say\u0131da Ekip Sevk Edildi!"},"content":{"rendered":"\n<p><\/p>\n\n\n\n<p><strong>T\u00fcrkiye\u2019nin \u00c7e\u015fitli b\u00f6lgelerinde ba\u015flayan orman yang\u0131n\u0131 bu kez de \u015eanl\u0131urfa da g\u00f6r\u00fcld\u00fc.<\/strong><\/p>\n\n\n\n<p>\u015eanl\u0131urfa Orman B\u00f6lge M\u00fcd\u00fcrl\u00fc\u011f\u00fc b\u00f6lgesinde bulunan Ormanl\u0131k alanda nedeni hen\u00fcz belirlenemeyen bir \u015fekilde yang\u0131n \u00e7\u0131kt\u0131.<\/p>\n\n\n\n<p>B\u00f6lgeye \u00e7ok say\u0131da \u0130tfaiye ekiplere sevk edilirken vatanda\u015flar yang\u0131n\u0131 s\u00f6nd\u00fcrmek \u0130\u00e7in uzun u\u011fra\u015flar verdi.<\/p>\n\n\n\n<p>Yang\u0131n kontrol alt\u0131na al\u0131nmaya \u00e7al\u0131\u015f\u0131l\u0131yor.<\/p>\n\n\n\n<figure class=\"wp-block-embed is-type-video is-provider-youtube wp-block-embed-youtube wp-embed-aspect-16-9 wp-has-aspect-ratio\"><div class=\"wp-block-embed__wrapper\">\n<iframe loading=\"lazy\" title=\"\u015eanl\u0131urfa\u2019da Orman Yang\u0131n\u0131! \u00c7ok Say\u0131da Ekip Sevk Edildi!\" width=\"500\" height=\"281\" src=\"data:image\/png;base64,iVBORw0KGgoAAAANSUhEUgAAAAIAAAABCAQAAABeK7cBAAAAC0lEQVR42mNkAAIAAAoAAv\/lxKUAAAAASUVORK5CYII=\" data-src=\"https:\/\/www.youtube.com\/embed\/8nfQS2dE1wU?feature=oembed\" frameborder=\"0\" allow=\"accelerometer; autoplay; clipboard-write; encrypted-media; gyroscope; picture-in-picture; web-share\" referrerpolicy=\"strict-origin-when-cross-origin\" class=\"kanews-lazy\" allowfullscreen><\/iframe>\n<\/div><\/figure>\n","protected":false},"excerpt":{"rendered":"<p>T\u00fcrkiye\u2019nin \u00c7e\u015fitli b\u00f6lgelerinde ba\u015flayan orman yang\u0131n\u0131 bu kez de \u015eanl\u0131urfa da g\u00f6r\u00fcld\u00fc. \u015eanl\u0131urfa Orman B\u00f6lge M\u00fcd\u00fcrl\u00fc\u011f\u00fc&#46;&#46;&#46;<\/p>\n","protected":false},"author":2,"featured_media":7878,"comment_status":"open","ping_status":"open","sticky":false,"template":"","format":"standard","meta":{"inline_featured_image":false,"footnotes":""},"categories":[75],"tags":[2331,2330,131,107,211],"manset":[],"class_list":["post-7876","post","type-post","status-publish","format-standard","has-post-thumbnail","hentry","category-asayis-haberleri","tag-ogm","tag-sanliurfada-orman-yangini-cok-sayida-ekip-sevk-edildi","tag-son-dakika","tag-ub","tag-yangin"],"_links":{"self":[{"href":"https:\/\/www.urfabugun.com\/index.php\/wp-json\/wp\/v2\/posts\/7876","targetHints":{"allow":["GET"]}}],"collection":[{"href":"https:\/\/www.urfabugun.com\/index.php\/wp-json\/wp\/v2\/posts"}],"about":[{"href":"https:\/\/www.urfabugun.com\/index.php\/wp-json\/wp\/v2\/types\/post"}],"author":[{"embeddable":true,"href":"https:\/\/www.urfabugun.com\/index.php\/wp-json\/wp\/v2\/users\/2"}],"replies":[{"embeddable":true,"href":"https:\/\/www.urfabugun.com\/index.php\/wp-json\/wp\/v2\/comments?post=7876"}],"version-history":[{"count":0,"href":"https:\/\/www.urfabugun.com\/index.php\/wp-json\/wp\/v2\/posts\/7876\/revisions"}],"wp:featuredmedia":[{"embeddable":true,"href":"https:\/\/www.urfabugun.com\/index.php\/wp-json\/wp\/v2\/media\/7878"}],"wp:attachment":[{"href":"https:\/\/www.urfabugun.com\/index.php\/wp-json\/wp\/v2\/media?parent=7876"}],"wp:term":[{"taxonomy":"category","embeddable":true,"href":"https:\/\/www.urfabugun.com\/index.php\/wp-json\/wp\/v2\/categories?post=7876"},{"taxonomy":"post_tag","embeddable":true,"href":"https:\/\/www.urfabugun.com\/index.php\/wp-json\/wp\/v2\/tags?post=7876"},{"taxonomy":"manset","embeddable":true,"href":"https:\/\/www.urfabugun.com\/index.php\/wp-json\/wp\/v2\/manset?post=7876"}],"curies":[{"name":"wp","href":"https:\/\/api.w.org\/{rel}","templated":true}]}}