{"id":7886,"date":"2023-07-17T15:56:27","date_gmt":"2023-07-17T12:56:27","guid":{"rendered":"https:\/\/www.urfabugun.com\/?p=7886"},"modified":"2023-07-17T15:56:34","modified_gmt":"2023-07-17T12:56:34","slug":"sanliurfada-cikan-orman-yangini-sonduruldu","status":"publish","type":"post","link":"https:\/\/www.urfabugun.com\/index.php\/2023\/07\/17\/sanliurfada-cikan-orman-yangini-sonduruldu\/","title":{"rendered":"\u015eanl\u0131urfa&#8217;da \u00c7\u0131kan Orman Yang\u0131n\u0131 S\u00f6nd\u00fcr\u00fcld\u00fc!"},"content":{"rendered":"\n<p><\/p>\n\n\n\n<p><strong>Orman B\u00f6lge M\u00fcd\u00fcrl\u00fc\u011f\u00fc \u00f6n\u00fcndeki ormanl\u0131k alanda hen\u00fcz belirlenemeyen nedenle yang\u0131n \u00e7\u0131kt\u0131.<\/strong><\/p>\n\n\n\n<p>\u0130hbar \u00fczerine b\u00f6lgeye \u00e7ok say\u0131da araz\u00f6z, itfaiye ve ilk m\u00fcdahale arac\u0131 ile ekipler sevk edildi.<\/p>\n\n\n\n<p>Ekipler, yakla\u015f\u0131k 2 saatte yang\u0131n\u0131 kontrol alt\u0131na alarak s\u00f6nd\u00fcrd\u00fc.<\/p>\n\n\n\n<p>\u015eanl\u0131urfa Orman B\u00f6lge M\u00fcd\u00fcrl\u00fc\u011f\u00fcnden yap\u0131lan yaz\u0131l\u0131 a\u00e7\u0131klamada ise yang\u0131na \u00e7\u0131kt\u0131\u011f\u0131 andan itibaren m\u00fcdahale edildi\u011fi belirtildi.<\/p>\n\n\n\n<p>So\u011futma \u00e7al\u0131\u015fmalar\u0131n\u0131n tamamlanmak \u00fczere oldu\u011fu aktar\u0131lan a\u00e7\u0131klamada, &nbsp;&#8220;\u015eanl\u0131urfa Orman B\u00f6lge M\u00fcd\u00fcrl\u00fc\u011f\u00fc civar\u0131nda k\u00f6t\u00fc niyetli \u015fah\u0131slarca kasten \u00e7\u0131kar\u0131lan k\u00fc\u00e7\u00fck \u00e7apl\u0131 yang\u0131n\u0131, 7\/24 zaman esasl\u0131 g\u00f6rev yapan yang\u0131n ilk m\u00fcdahale ekiplerimiz ve t\u00fcm kurum personelleri ilk anda m\u00fcdahale ederek herhangi bir zayiat olu\u015fmadan \u00e7ok k\u0131sa s\u00fcrede kontrol alt\u0131na alm\u0131\u015ft\u0131r.&#8221; ifadeleri kullan\u0131ld\u0131.<\/p>\n","protected":false},"excerpt":{"rendered":"<p>Orman B\u00f6lge M\u00fcd\u00fcrl\u00fc\u011f\u00fc \u00f6n\u00fcndeki ormanl\u0131k alanda hen\u00fcz belirlenemeyen nedenle yang\u0131n \u00e7\u0131kt\u0131. \u0130hbar \u00fczerine b\u00f6lgeye \u00e7ok say\u0131da&#46;&#46;&#46;<\/p>\n","protected":false},"author":2,"featured_media":7888,"comment_status":"open","ping_status":"open","sticky":false,"template":"","format":"standard","meta":{"inline_featured_image":false,"footnotes":""},"categories":[82],"tags":[2336,118,2335,131,107,608],"manset":[],"class_list":["post-7886","post","type-post","status-publish","format-standard","has-post-thumbnail","hentry","category-gundem-haberleri","tag-orman-yangini","tag-sanliurfa","tag-sanliurfada-cikan-orman-yangini-sonduruldu","tag-son-dakika","tag-ub","tag-urfa-bugun"],"_links":{"self":[{"href":"https:\/\/www.urfabugun.com\/index.php\/wp-json\/wp\/v2\/posts\/7886","targetHints":{"allow":["GET"]}}],"collection":[{"href":"https:\/\/www.urfabugun.com\/index.php\/wp-json\/wp\/v2\/posts"}],"about":[{"href":"https:\/\/www.urfabugun.com\/index.php\/wp-json\/wp\/v2\/types\/post"}],"author":[{"embeddable":true,"href":"https:\/\/www.urfabugun.com\/index.php\/wp-json\/wp\/v2\/users\/2"}],"replies":[{"embeddable":true,"href":"https:\/\/www.urfabugun.com\/index.php\/wp-json\/wp\/v2\/comments?post=7886"}],"version-history":[{"count":0,"href":"https:\/\/www.urfabugun.com\/index.php\/wp-json\/wp\/v2\/posts\/7886\/revisions"}],"wp:featuredmedia":[{"embeddable":true,"href":"https:\/\/www.urfabugun.com\/index.php\/wp-json\/wp\/v2\/media\/7888"}],"wp:attachment":[{"href":"https:\/\/www.urfabugun.com\/index.php\/wp-json\/wp\/v2\/media?parent=7886"}],"wp:term":[{"taxonomy":"category","embeddable":true,"href":"https:\/\/www.urfabugun.com\/index.php\/wp-json\/wp\/v2\/categories?post=7886"},{"taxonomy":"post_tag","embeddable":true,"href":"https:\/\/www.urfabugun.com\/index.php\/wp-json\/wp\/v2\/tags?post=7886"},{"taxonomy":"manset","embeddable":true,"href":"https:\/\/www.urfabugun.com\/index.php\/wp-json\/wp\/v2\/manset?post=7886"}],"curies":[{"name":"wp","href":"https:\/\/api.w.org\/{rel}","templated":true}]}}