{"id":7894,"date":"2023-07-18T04:06:09","date_gmt":"2023-07-18T01:06:09","guid":{"rendered":"https:\/\/www.urfabugun.com\/?p=7894"},"modified":"2023-07-18T04:06:36","modified_gmt":"2023-07-18T01:06:36","slug":"meteorolojiden-kritik-sicaklik-uyarisi","status":"publish","type":"post","link":"https:\/\/www.urfabugun.com\/index.php\/2023\/07\/18\/meteorolojiden-kritik-sicaklik-uyarisi\/","title":{"rendered":"Meteoroloji&#8217;den Kritik S\u0131cakl\u0131k Uyar\u0131s\u0131!"},"content":{"rendered":"\n<p><\/p>\n\n\n\n<p><strong>Meteoroloji Genel M\u00fcd\u00fcrl\u00fc\u011f\u00fc (MGM), T\u00fcrkiye\u2019nin yeni bir s\u0131cak hava dalgas\u0131n\u0131n etkisi alt\u0131na girece\u011fini a\u00e7\u0131klad\u0131.<\/strong><\/p>\n\n\n\n<p>Meteoroloji Genel M\u00fcd\u00fcrl\u00fc\u011f\u00fc (MGM), yurdun bat\u0131s\u0131nda ve g\u00fcneyinde etkili olan s\u0131cak hava dalgas\u0131n\u0131n, \u00e7ar\u015famba g\u00fcn\u00fcnden itibaren \u00fclkenin genelinde etkili olaca\u011f\u0131n\u0131 duyurdu.<\/p>\n\n\n\n<p>Meteoroloji&#8217;den yap\u0131lan uyar\u0131da \u015fu ifadeleri yer verildi:<\/p>\n\n\n\n<p><em>&#8220;Yap\u0131lan son de\u011ferlendirmelere g\u00f6re; halen bat\u0131 ve g\u00fcney b\u00f6lgelerimizde etkili olan s\u0131cak hava dalgas\u0131n\u0131n, 19.07.2023 \u00c7ar\u015famba g\u00fcn\u00fcnden itibaren t\u00fcm yurtta etkili olaca\u011f\u0131 tahmin ediliyor.<\/em><\/p>\n\n\n\n<p><em>Hava s\u0131cakl\u0131klar\u0131n\u0131n Marmara, Ege ve Akdeniz&#8217;de mevsim normallerinin 3 ila 8 derece, di\u011fer b\u00f6lgelerimizde ise mevsim normallerinin 1 ila 5 derece \u00fczerine \u00e7\u0131kmas\u0131 bekleniyor.<\/em><\/p>\n\n\n\n<p><em>S\u0131cak hava dalgas\u0131 nedeniyle, kronik rahats\u0131zl\u0131\u011f\u0131 olanlar, ya\u015fl\u0131lar\u0131m\u0131z ve \u00e7ocuklar\u0131m\u0131z ba\u015fta olmak \u00fczere vatanda\u015flar\u0131m\u0131z\u0131n g\u00fcn\u00fcn en s\u0131cak saatleri olan 11 ile 16 saatleri aras\u0131nda dikkatli ve tedbirli olmalar\u0131 gerekmektedir.&#8221;<\/em><\/p>\n","protected":false},"excerpt":{"rendered":"<p>Meteoroloji Genel M\u00fcd\u00fcrl\u00fc\u011f\u00fc (MGM), T\u00fcrkiye\u2019nin yeni bir s\u0131cak hava dalgas\u0131n\u0131n etkisi alt\u0131na girece\u011fini a\u00e7\u0131klad\u0131. Meteoroloji Genel&#46;&#46;&#46;<\/p>\n","protected":false},"author":2,"featured_media":7516,"comment_status":"open","ping_status":"open","sticky":false,"template":"","format":"standard","meta":{"inline_featured_image":false,"footnotes":""},"categories":[92],"tags":[1354,2340,139,107],"manset":[],"class_list":["post-7894","post","type-post","status-publish","format-standard","has-post-thumbnail","hentry","category-yasam-haberleri","tag-meteoroloji-genel-mudurlugu","tag-sicak-hava-dalgasi","tag-sondakika","tag-ub"],"_links":{"self":[{"href":"https:\/\/www.urfabugun.com\/index.php\/wp-json\/wp\/v2\/posts\/7894","targetHints":{"allow":["GET"]}}],"collection":[{"href":"https:\/\/www.urfabugun.com\/index.php\/wp-json\/wp\/v2\/posts"}],"about":[{"href":"https:\/\/www.urfabugun.com\/index.php\/wp-json\/wp\/v2\/types\/post"}],"author":[{"embeddable":true,"href":"https:\/\/www.urfabugun.com\/index.php\/wp-json\/wp\/v2\/users\/2"}],"replies":[{"embeddable":true,"href":"https:\/\/www.urfabugun.com\/index.php\/wp-json\/wp\/v2\/comments?post=7894"}],"version-history":[{"count":0,"href":"https:\/\/www.urfabugun.com\/index.php\/wp-json\/wp\/v2\/posts\/7894\/revisions"}],"wp:featuredmedia":[{"embeddable":true,"href":"https:\/\/www.urfabugun.com\/index.php\/wp-json\/wp\/v2\/media\/7516"}],"wp:attachment":[{"href":"https:\/\/www.urfabugun.com\/index.php\/wp-json\/wp\/v2\/media?parent=7894"}],"wp:term":[{"taxonomy":"category","embeddable":true,"href":"https:\/\/www.urfabugun.com\/index.php\/wp-json\/wp\/v2\/categories?post=7894"},{"taxonomy":"post_tag","embeddable":true,"href":"https:\/\/www.urfabugun.com\/index.php\/wp-json\/wp\/v2\/tags?post=7894"},{"taxonomy":"manset","embeddable":true,"href":"https:\/\/www.urfabugun.com\/index.php\/wp-json\/wp\/v2\/manset?post=7894"}],"curies":[{"name":"wp","href":"https:\/\/api.w.org\/{rel}","templated":true}]}}