{"id":7905,"date":"2023-07-20T07:27:32","date_gmt":"2023-07-20T04:27:32","guid":{"rendered":"https:\/\/www.urfabugun.com\/?p=7905"},"modified":"2023-07-20T07:28:09","modified_gmt":"2023-07-20T04:28:09","slug":"2023-yks-sinav-sonuclari-aciklandi","status":"publish","type":"post","link":"https:\/\/www.urfabugun.com\/index.php\/2023\/07\/20\/2023-yks-sinav-sonuclari-aciklandi\/","title":{"rendered":"2023- YKS S\u0131nav Sonu\u00e7lar\u0131 A\u00e7\u0131kland\u0131!"},"content":{"rendered":"\n<p><\/p>\n\n\n\n<p><strong>3 bu\u00e7uk milyondan fazla aday\u0131n kat\u0131ld\u0131\u011f\u0131 Y\u00fcksek\u00f6\u011fretim Kurumlar\u0131 S\u0131nav\u0131 sonu\u00e7lar\u0131 a\u00e7\u0131kland\u0131.<\/strong><\/p>\n\n\n\n<p>17-18 Haziran&#8217;da yap\u0131lan YKS&#8217;nin sonu\u00e7lar\u0131 ilan edildi. Adaylar sonu\u00e7lara, \u00d6SYM&#8217;nin internet sitesi \u00fczerinden eri\u015filebilecek.<\/p>\n\n\n\n<p>YKS sonu\u00e7lar\u0131n\u0131 T.C. Kimlik numaralar\u0131 ve aday \u015fifreleri ile \u00f6\u011frenebilecek. \u00d6\u011frenciler YKS&#8217;den alacaklar\u0131 puanlara g\u00f6re \u00fcniversite tercihlerini yapacaklar.<\/p>\n\n\n\n<p>YKS Tercih Klavuzu&#8217;nun a\u00e7\u0131klamas\u0131n\u0131n ard\u0131ndan \u00fcniversite hayali kuran milyonlarca aday i\u00e7in tercih s\u00fcreci ba\u015flayacak.<\/p>\n\n\n\n<p>&#8211; Tercih s\u00fcreci 27 Temmuz&#8217;da ba\u015fl\u0131yor<\/p>\n\n\n\n<p>S\u0131nava ili\u015fkin a\u00e7\u0131klama yapan \u00d6SYM Ba\u015fkan\u0131 Ersoy, 2023-YKS sonu\u00e7lar\u0131n\u0131n \u00d6SYM&#8217;nin internet adresinden a\u00e7\u0131kland\u0131\u011f\u0131n\u0131 duyurdu.<\/p>\n\n\n\n<p>Tercih i\u015flemlerinin 27 Temmuz-8 A\u011fustos tarihlerinde yap\u0131lacak.<\/p>\n\n\n\n<p>Ersoy, a\u00e7\u0131klamas\u0131nda s\u0131nav birincilerini tek tek okudu.<\/p>\n","protected":false},"excerpt":{"rendered":"<p>3 bu\u00e7uk milyondan fazla aday\u0131n kat\u0131ld\u0131\u011f\u0131 Y\u00fcksek\u00f6\u011fretim Kurumlar\u0131 S\u0131nav\u0131 sonu\u00e7lar\u0131 a\u00e7\u0131kland\u0131. 17-18 Haziran&#8217;da yap\u0131lan YKS&#8217;nin sonu\u00e7lar\u0131&#46;&#46;&#46;<\/p>\n","protected":false},"author":2,"featured_media":7907,"comment_status":"open","ping_status":"open","sticky":false,"template":"","format":"standard","meta":{"inline_featured_image":false,"footnotes":""},"categories":[82,79],"tags":[139,107,93,770,2342],"manset":[],"class_list":["post-7905","post","type-post","status-publish","format-standard","has-post-thumbnail","hentry","category-gundem-haberleri","category-egitim-haberleri","tag-sondakika","tag-ub","tag-ust","tag-yks","tag-yks-sonuclari-aciklandi"],"_links":{"self":[{"href":"https:\/\/www.urfabugun.com\/index.php\/wp-json\/wp\/v2\/posts\/7905","targetHints":{"allow":["GET"]}}],"collection":[{"href":"https:\/\/www.urfabugun.com\/index.php\/wp-json\/wp\/v2\/posts"}],"about":[{"href":"https:\/\/www.urfabugun.com\/index.php\/wp-json\/wp\/v2\/types\/post"}],"author":[{"embeddable":true,"href":"https:\/\/www.urfabugun.com\/index.php\/wp-json\/wp\/v2\/users\/2"}],"replies":[{"embeddable":true,"href":"https:\/\/www.urfabugun.com\/index.php\/wp-json\/wp\/v2\/comments?post=7905"}],"version-history":[{"count":0,"href":"https:\/\/www.urfabugun.com\/index.php\/wp-json\/wp\/v2\/posts\/7905\/revisions"}],"wp:featuredmedia":[{"embeddable":true,"href":"https:\/\/www.urfabugun.com\/index.php\/wp-json\/wp\/v2\/media\/7907"}],"wp:attachment":[{"href":"https:\/\/www.urfabugun.com\/index.php\/wp-json\/wp\/v2\/media?parent=7905"}],"wp:term":[{"taxonomy":"category","embeddable":true,"href":"https:\/\/www.urfabugun.com\/index.php\/wp-json\/wp\/v2\/categories?post=7905"},{"taxonomy":"post_tag","embeddable":true,"href":"https:\/\/www.urfabugun.com\/index.php\/wp-json\/wp\/v2\/tags?post=7905"},{"taxonomy":"manset","embeddable":true,"href":"https:\/\/www.urfabugun.com\/index.php\/wp-json\/wp\/v2\/manset?post=7905"}],"curies":[{"name":"wp","href":"https:\/\/api.w.org\/{rel}","templated":true}]}}