{"id":7917,"date":"2023-07-23T11:05:36","date_gmt":"2023-07-23T08:05:36","guid":{"rendered":"https:\/\/www.urfabugun.com\/?p=7917"},"modified":"2023-07-23T11:05:42","modified_gmt":"2023-07-23T08:05:42","slug":"ilac-fiyatlariyla-ilgili-flas-karar-zam-geldi","status":"publish","type":"post","link":"https:\/\/www.urfabugun.com\/index.php\/2023\/07\/23\/ilac-fiyatlariyla-ilgili-flas-karar-zam-geldi\/","title":{"rendered":"\u0130la\u00e7 Fiyatlar\u0131yla \u0130lgili Fla\u015f Karar: Zam Geldi!"},"content":{"rendered":"\n<p><\/p>\n\n\n\n<p><strong>Resmi Gazete\u2019de yay\u0131mlanan Cumhurba\u015fkan\u0131 Karar\u0131na g\u00f6re, be\u015feri t\u0131bbi \u00fcr\u00fcnlerin fiyatland\u0131r\u0131lmas\u0131nda kullan\u0131lacak T\u00fcrk Liras\u0131 cinsinden 1 Euro de\u011feri, temmuz ay\u0131nda y\u00fczde 30,5 oran\u0131nda art\u0131r\u0131larak 14,0387 TL olarak belirlendi.<\/strong><\/p>\n\n\n\n<p>\u2018Be\u015feri T\u0131bbi \u00dcr\u00fcnlerin Fiyatland\u0131r\u0131lmas\u0131na Dair Kararda De\u011fi\u015fiklik Yap\u0131lmas\u0131 Hakk\u0131nda Cumhurba\u015fkan\u0131 Karar\u0131\u2019 Resmi Gazete\u2019nin bug\u00fcnk\u00fc say\u0131s\u0131nda yay\u0131mland\u0131.<\/p>\n\n\n\n<p>Cumhurba\u015fkan\u0131 Karar\u0131na g\u00f6re, be\u015feri t\u0131bbi \u00fcr\u00fcnlerin fiyatland\u0131r\u0131lmas\u0131nda kullan\u0131lacak T\u00fcrk Liras\u0131 cinsinden 1 Euro de\u011feri, Temmuz ay\u0131nda y\u00fczde 30,5 oran\u0131nda art\u0131r\u0131larak 14,0387 TL olarak belirlendi. Art\u0131\u015fla, fiyat korumal\u0131 \u00fcr\u00fcnlerde barem de\u011feri 48,41 TL oldu. Di\u011fer \u00fcr\u00fcnlerde ise barem de\u011feri 25,30 TL oldu.<\/p>\n","protected":false},"excerpt":{"rendered":"<p>Resmi Gazete\u2019de yay\u0131mlanan Cumhurba\u015fkan\u0131 Karar\u0131na g\u00f6re, be\u015feri t\u0131bbi \u00fcr\u00fcnlerin fiyatland\u0131r\u0131lmas\u0131nda kullan\u0131lacak T\u00fcrk Liras\u0131 cinsinden 1 Euro&#46;&#46;&#46;<\/p>\n","protected":false},"author":2,"featured_media":7919,"comment_status":"open","ping_status":"open","sticky":false,"template":"","format":"standard","meta":{"inline_featured_image":false,"footnotes":""},"categories":[82,80],"tags":[2345,562,131,107],"manset":[],"class_list":["post-7917","post","type-post","status-publish","format-standard","has-post-thumbnail","hentry","category-gundem-haberleri","category-ekonomi-haberleri","tag-ilac-fiyatlariyla-ilgili-flas-karar-zam-geldi","tag-resmi-gazete","tag-son-dakika","tag-ub"],"_links":{"self":[{"href":"https:\/\/www.urfabugun.com\/index.php\/wp-json\/wp\/v2\/posts\/7917","targetHints":{"allow":["GET"]}}],"collection":[{"href":"https:\/\/www.urfabugun.com\/index.php\/wp-json\/wp\/v2\/posts"}],"about":[{"href":"https:\/\/www.urfabugun.com\/index.php\/wp-json\/wp\/v2\/types\/post"}],"author":[{"embeddable":true,"href":"https:\/\/www.urfabugun.com\/index.php\/wp-json\/wp\/v2\/users\/2"}],"replies":[{"embeddable":true,"href":"https:\/\/www.urfabugun.com\/index.php\/wp-json\/wp\/v2\/comments?post=7917"}],"version-history":[{"count":0,"href":"https:\/\/www.urfabugun.com\/index.php\/wp-json\/wp\/v2\/posts\/7917\/revisions"}],"wp:featuredmedia":[{"embeddable":true,"href":"https:\/\/www.urfabugun.com\/index.php\/wp-json\/wp\/v2\/media\/7919"}],"wp:attachment":[{"href":"https:\/\/www.urfabugun.com\/index.php\/wp-json\/wp\/v2\/media?parent=7917"}],"wp:term":[{"taxonomy":"category","embeddable":true,"href":"https:\/\/www.urfabugun.com\/index.php\/wp-json\/wp\/v2\/categories?post=7917"},{"taxonomy":"post_tag","embeddable":true,"href":"https:\/\/www.urfabugun.com\/index.php\/wp-json\/wp\/v2\/tags?post=7917"},{"taxonomy":"manset","embeddable":true,"href":"https:\/\/www.urfabugun.com\/index.php\/wp-json\/wp\/v2\/manset?post=7917"}],"curies":[{"name":"wp","href":"https:\/\/api.w.org\/{rel}","templated":true}]}}