{"id":7930,"date":"2023-07-24T09:39:05","date_gmt":"2023-07-24T06:39:05","guid":{"rendered":"https:\/\/www.urfabugun.com\/?p=7930"},"modified":"2023-07-24T09:39:11","modified_gmt":"2023-07-24T06:39:11","slug":"haftanin-ilk-is-gununde-altin-gune-nasil-basladi","status":"publish","type":"post","link":"https:\/\/www.urfabugun.com\/index.php\/2023\/07\/24\/haftanin-ilk-is-gununde-altin-gune-nasil-basladi\/","title":{"rendered":"Haftan\u0131n \u0130lk \u0130\u015f G\u00fcn\u00fcnde Alt\u0131n G\u00fcne Nas\u0131l Ba\u015flad\u0131?"},"content":{"rendered":"\n<p><\/p>\n\n\n\n<p><strong>Alt\u0131n fiyatlar\u0131 24 Temmuz Pazartesi yani haftan\u0131n ilk g\u00fcn\u00fcne uzun s\u00fcre sonra a\u015fa\u011f\u0131 y\u00f6nl\u00fc seyirle ba\u015flad\u0131.<\/strong><\/p>\n\n\n\n<p>Hemen belirtelim ki gram alt\u0131n bin 695 lira, \u00e7eyrek alt\u0131n fiyatlar\u0131 ise 2 bin 770 lira seviyesinde seyrediyor. Peki, \u00e7eyrek ve gram alt\u0131n fiyatlar\u0131 ne kadar, ka\u00e7 TL? \u0130\u015fte 24 Temmuz g\u00fcncel gram ve \u00e7eyrek alt\u0131n fiyatlar\u0131 al\u0131\u015f &#8211; sat\u0131\u015f rakamlar\u0131&#8230;<\/p>\n\n\n\n<p><strong>GRAM ALTIN F\u0130YATI<\/strong><\/p>\n\n\n\n<p>1.696,91<\/p>\n\n\n\n<p>1.697,20<\/p>\n\n\n\n<p><strong>ALTIN\/ONS ($) F\u0130YATI<\/strong><\/p>\n\n\n\n<p>1.961,02<\/p>\n\n\n\n<p>1.962,86<\/p>\n\n\n\n<p><strong>\u00c7EYREK ALTIN F\u0130YATI<\/strong><\/p>\n\n\n\n<p>2.715,05<\/p>\n\n\n\n<p>2.774,92<\/p>\n\n\n\n<p><strong>CUMHUR\u0130YET ALTINI F\u0130YATI<\/strong><\/p>\n\n\n\n<p>10.860,20<\/p>\n\n\n\n<p>11.065,75<\/p>\n\n\n\n<p><strong>YARIM ALTIN F\u0130YATI<\/strong><\/p>\n\n\n\n<p>5.413,13<\/p>\n\n\n\n<p>5.549,85<\/p>\n","protected":false},"excerpt":{"rendered":"<p>Alt\u0131n fiyatlar\u0131 24 Temmuz Pazartesi yani haftan\u0131n ilk g\u00fcn\u00fcne uzun s\u00fcre sonra a\u015fa\u011f\u0131 y\u00f6nl\u00fc seyirle ba\u015flad\u0131.&#46;&#46;&#46;<\/p>\n","protected":false},"author":2,"featured_media":7932,"comment_status":"open","ping_status":"open","sticky":false,"template":"","format":"standard","meta":{"inline_featured_image":false,"footnotes":""},"categories":[82],"tags":[2350,118,131,107],"manset":[],"class_list":["post-7930","post","type-post","status-publish","format-standard","has-post-thumbnail","hentry","category-gundem-haberleri","tag-haftanin-ilk-is-gununde-altin-gune-nasil-basladi","tag-sanliurfa","tag-son-dakika","tag-ub"],"_links":{"self":[{"href":"https:\/\/www.urfabugun.com\/index.php\/wp-json\/wp\/v2\/posts\/7930","targetHints":{"allow":["GET"]}}],"collection":[{"href":"https:\/\/www.urfabugun.com\/index.php\/wp-json\/wp\/v2\/posts"}],"about":[{"href":"https:\/\/www.urfabugun.com\/index.php\/wp-json\/wp\/v2\/types\/post"}],"author":[{"embeddable":true,"href":"https:\/\/www.urfabugun.com\/index.php\/wp-json\/wp\/v2\/users\/2"}],"replies":[{"embeddable":true,"href":"https:\/\/www.urfabugun.com\/index.php\/wp-json\/wp\/v2\/comments?post=7930"}],"version-history":[{"count":0,"href":"https:\/\/www.urfabugun.com\/index.php\/wp-json\/wp\/v2\/posts\/7930\/revisions"}],"wp:featuredmedia":[{"embeddable":true,"href":"https:\/\/www.urfabugun.com\/index.php\/wp-json\/wp\/v2\/media\/7932"}],"wp:attachment":[{"href":"https:\/\/www.urfabugun.com\/index.php\/wp-json\/wp\/v2\/media?parent=7930"}],"wp:term":[{"taxonomy":"category","embeddable":true,"href":"https:\/\/www.urfabugun.com\/index.php\/wp-json\/wp\/v2\/categories?post=7930"},{"taxonomy":"post_tag","embeddable":true,"href":"https:\/\/www.urfabugun.com\/index.php\/wp-json\/wp\/v2\/tags?post=7930"},{"taxonomy":"manset","embeddable":true,"href":"https:\/\/www.urfabugun.com\/index.php\/wp-json\/wp\/v2\/manset?post=7930"}],"curies":[{"name":"wp","href":"https:\/\/api.w.org\/{rel}","templated":true}]}}