{"id":7945,"date":"2023-07-24T12:48:26","date_gmt":"2023-07-24T09:48:26","guid":{"rendered":"https:\/\/www.urfabugun.com\/?p=7945"},"modified":"2023-07-24T12:48:32","modified_gmt":"2023-07-24T09:48:32","slug":"sanliurfada-bogulma-vakalarina-karsi-yuzme-egitimi-seferberligi","status":"publish","type":"post","link":"https:\/\/www.urfabugun.com\/index.php\/2023\/07\/24\/sanliurfada-bogulma-vakalarina-karsi-yuzme-egitimi-seferberligi\/","title":{"rendered":"\u015eanl\u0131urfa\u2019da Bo\u011fulma Vakalar\u0131na Kar\u015f\u0131 &#8220;Y\u00fczme E\u011fitimi&#8221; Seferberli\u011fi!"},"content":{"rendered":"\n<p><\/p>\n\n\n\n<p>Hava s\u0131cakl\u0131\u011f\u0131n\u0131n zaman zaman 45 dereceye ula\u015ft\u0131\u011f\u0131 \u015eanl\u0131urfa&#8217;da, bo\u011fulmalar\u0131n \u00f6n\u00fcne ge\u00e7ilmesi i\u00e7in kamu kurumlar\u0131 b\u00fcnyesindeki havuzlar \u00fccretsiz hizmet veriyor.<\/p>\n\n\n\n<p>Bunalt\u0131c\u0131 s\u0131caklarda sulama kanal\u0131, nehir ve g\u00f6letler gibi riskli alanlarda al\u0131nan tedbirlere ra\u011fmen her y\u0131l \u00e7ok say\u0131da bo\u011fulma vakas\u0131 ya\u015fan\u0131yor.<\/p>\n\n\n\n<p>Mevcut havuzlar\u0131n yan\u0131 s\u0131ra kent merkezleri ve il\u00e7elerde kurulan portatif havuzlarda antren\u00f6rler ve e\u011fitmenlerden \u00fccretsiz y\u00fczme e\u011fitimi alan binlerce \u00e7ocuk ve gen\u00e7, g\u00fcvenle kula\u00e7 at\u0131yor, tatilini mutlu ge\u00e7iriyor.<\/p>\n\n\n\n<p>\u00c7ocuk ve gen\u00e7lerin s\u0131cak ge\u00e7en yaz g\u00fcnlerinde F\u0131rat Nehri, Atat\u00fcrk Baraj\u0131 g\u00f6letti ve tar\u0131msal sulama i\u00e7in kullan\u0131lan sulama kanallar\u0131na girmemesi i\u00e7in \u00e7e\u015fitli uyar\u0131lar yap\u0131l\u0131yor.<\/p>\n\n\n\n<p>Kent<strong>t<\/strong>e Valilik ve B\u00fcy\u00fck\u015fehir Belediyesi ile il\u00e7e belediyelerinin yan\u0131 s\u0131ra Gen\u00e7lik ve Spor \u0130l M\u00fcd\u00fcrl\u00fc\u011f\u00fc b\u00fcnyesindeki a\u00e7\u0131k, kapal\u0131 ve seyyar 51 havuz da \u00fccretsiz hizmet veriyor.<\/p>\n\n\n\n<p>\u015eanl\u0131urfa B\u00fcy\u00fck\u015fehir Belediye Ba\u015fkan\u0131 Zeynel Abidin Beyazg\u00fcl, kentte hava s\u0131cakl\u0131\u011f\u0131n\u0131n yaz d\u00f6neminde y\u00fcksek seyretti\u011fini, yaz ba\u015f\u0131ndan itibaren belediye b\u00fcnyesindeki 16 havuzun aktif olarak hizmet verdi\u011fini belirtti.<\/p>\n\n\n\n<p>Sezon ba\u015f\u0131nda \u00e7ocuk ve gen\u00e7lere tehlikeli yerlerde serinlememeleri i\u00e7in uyar\u0131larda bulunduklar\u0131n\u0131 anlatan Beyazg\u00fcl, &#8220;16 havuzumuzu gen\u00e7lerimizin, \u00e7ocuklar\u0131m\u0131z\u0131n ihtiyac\u0131 i\u00e7in haz\u0131r ettik. Burada cankurtaranlar\u0131m\u0131z, g\u00fcvenlik elemanlar\u0131m\u0131z var. Havuzlardan g\u00fcnde 40 bin \u00e7ocu\u011fumuz, gencimiz yararlan\u0131yor.&#8221; dedi.<\/p>\n\n\n\n<p>Y\u00fczme antren\u00f6r\u00fc Mehmet Akyol da \u00e7ocuk ve gen\u00e7lere e\u011fitim verdiklerini ifade ederek, bu derslerin d\u0131\u015f\u0131nda yetenekli \u00e7ocuklar\u0131 y\u00fczme tak\u0131m\u0131na al\u0131p performans grubu olu\u015fturduklar\u0131n\u0131, m\u00fcsabakalara da kat\u0131ld\u0131klar\u0131n\u0131 belirtti.<\/p>\n\n\n\n<p>Akyol, &#8220;\u00c7ocuklar\u0131m\u0131z\u0131 kanallara de\u011fil Gen\u00e7lik Spor Bakanl\u0131\u011f\u0131m\u0131z\u0131n y\u00fczme havuzlar\u0131na bekliyoruz.&#8221; \u00e7a\u011fr\u0131s\u0131nda bulundu.<\/p>\n","protected":false},"excerpt":{"rendered":"<p>Hava s\u0131cakl\u0131\u011f\u0131n\u0131n zaman zaman 45 dereceye ula\u015ft\u0131\u011f\u0131 \u015eanl\u0131urfa&#8217;da, bo\u011fulmalar\u0131n \u00f6n\u00fcne ge\u00e7ilmesi i\u00e7in kamu kurumlar\u0131 b\u00fcnyesindeki havuzlar&#46;&#46;&#46;<\/p>\n","protected":false},"author":2,"featured_media":7947,"comment_status":"open","ping_status":"open","sticky":false,"template":"","format":"standard","meta":{"inline_featured_image":false,"footnotes":""},"categories":[82],"tags":[1734,118,2354,131,107],"manset":[],"class_list":["post-7945","post","type-post","status-publish","format-standard","has-post-thumbnail","hentry","category-gundem-haberleri","tag-bogulma-2","tag-sanliurfa","tag-sanliurfada-bogulma-vakalarina-karsi-yuzme-egitimi-seferberligi","tag-son-dakika","tag-ub"],"_links":{"self":[{"href":"https:\/\/www.urfabugun.com\/index.php\/wp-json\/wp\/v2\/posts\/7945","targetHints":{"allow":["GET"]}}],"collection":[{"href":"https:\/\/www.urfabugun.com\/index.php\/wp-json\/wp\/v2\/posts"}],"about":[{"href":"https:\/\/www.urfabugun.com\/index.php\/wp-json\/wp\/v2\/types\/post"}],"author":[{"embeddable":true,"href":"https:\/\/www.urfabugun.com\/index.php\/wp-json\/wp\/v2\/users\/2"}],"replies":[{"embeddable":true,"href":"https:\/\/www.urfabugun.com\/index.php\/wp-json\/wp\/v2\/comments?post=7945"}],"version-history":[{"count":0,"href":"https:\/\/www.urfabugun.com\/index.php\/wp-json\/wp\/v2\/posts\/7945\/revisions"}],"wp:featuredmedia":[{"embeddable":true,"href":"https:\/\/www.urfabugun.com\/index.php\/wp-json\/wp\/v2\/media\/7947"}],"wp:attachment":[{"href":"https:\/\/www.urfabugun.com\/index.php\/wp-json\/wp\/v2\/media?parent=7945"}],"wp:term":[{"taxonomy":"category","embeddable":true,"href":"https:\/\/www.urfabugun.com\/index.php\/wp-json\/wp\/v2\/categories?post=7945"},{"taxonomy":"post_tag","embeddable":true,"href":"https:\/\/www.urfabugun.com\/index.php\/wp-json\/wp\/v2\/tags?post=7945"},{"taxonomy":"manset","embeddable":true,"href":"https:\/\/www.urfabugun.com\/index.php\/wp-json\/wp\/v2\/manset?post=7945"}],"curies":[{"name":"wp","href":"https:\/\/api.w.org\/{rel}","templated":true}]}}