{"id":7985,"date":"2023-07-25T11:45:15","date_gmt":"2023-07-25T08:45:15","guid":{"rendered":"https:\/\/www.urfabugun.com\/?p=7985"},"modified":"2023-07-25T11:45:22","modified_gmt":"2023-07-25T08:45:22","slug":"adana-depremi-sonrasi-kritik-uyari-naci-gorur-bolge-ismi-verdi","status":"publish","type":"post","link":"https:\/\/www.urfabugun.com\/index.php\/2023\/07\/25\/adana-depremi-sonrasi-kritik-uyari-naci-gorur-bolge-ismi-verdi\/","title":{"rendered":"Adana Depremi Sonras\u0131 Kritik Uyar\u0131! Naci G\u00f6r\u00fcr B\u00f6lge \u0130smi Verdi!"},"content":{"rendered":"\n<p><\/p>\n\n\n\n<p><strong>Adana&#8217;n\u0131n Kozan il\u00e7esindeki 5,5 b\u00fcy\u00fckl\u00fc\u011f\u00fcndeki deprem sonras\u0131 Prof. Dr. Naci G\u00f6r\u00fcr&#8217;den dikkat \u00e7eken a\u00e7\u0131klama geldi. &#8220;Stres alanlar\u0131 de\u011fi\u015fti&#8221; diyen G\u00f6r\u00fcr b\u00f6lge ismi verdi.<\/strong><\/p>\n\n\n\n<p>6 \u015eubat&#8217;ta Kahramanmara\u015f merkezli meydana gelen deprem felaketinin ard\u0131ndan T\u00fcrkiye sallanmaya devam ediyor. Son olarak Adana&#8217;da saat 08.44&#8217;te \u015fiddetli bir deprem meydana geldi.<\/p>\n\n\n\n<p>AFAD, merkez \u00fcss\u00fc Kozan il\u00e7esi olan ve \u00e7evre illerden de hissedilen depremin b\u00fcy\u00fckl\u00fc\u011f\u00fcn\u00fc 5,5 olarak duyururken sars\u0131nt\u0131 b\u00f6lgede pani\u011fe neden oldu. Sars\u0131nt\u0131n\u0131n ard\u0131ndan &#8220;Daha b\u00fcy\u00fck bir deprem olur mu?&#8221; sorusu ak\u0131llara gelirken deprem uzman\u0131 jeofizik\u00e7i Prof. Dr. Naci G\u00f6r\u00fcr&#8217;den dikkat \u00e7eken bir a\u00e7\u0131klama geldi.<\/p>\n\n\n\n<p><strong>20 \u015eUBAT&#8217;TA TGRT HABER&#8217;E A\u00c7IKLAMI\u015eTI<\/strong><\/p>\n\n\n\n<p>Sosyal medya hesab\u0131 \u00fczerinden bir a\u00e7\u0131klama yapan G\u00f6r\u00fcr, &#8220;Adana Kozan\u2019da 5,5 deprem. Saimbeyli ve Savrun Faylar\u0131n\u0131n yak\u0131nla\u015fma b\u00f6lgesinde, muhtemelen Savrun zonunda. 6 \u015eubat depremlerinden sonra b\u00f6lgede fay ku\u015faklar\u0131 \u00fczerindeki stres alanlar\u0131nda de\u011fi\u015fim var, sevgiyle.&#8221; ifadelerine yer verdi.<\/p>\n\n\n\n<p><strong>&#8220;STRES B\u0130R\u0130K\u0130M\u0130 VAR&#8221;<\/strong><\/p>\n\n\n\n<p>Di\u011fer yandan NTV canl\u0131 yay\u0131n\u0131nda a\u00e7\u0131klamalarda bulunan Prof. Dr. Okan T\u00fcys\u00fcz de b\u00f6lgedeki sismik hareketlili\u011fe ili\u015fkin a\u00e7\u0131ktlamalar yapt\u0131. Adana&#8217;daki depremin beklenen bir deprem oldu\u011funu belirten T\u00fcys\u00fcz, &#8220;6 \u015eubat\u2019ta iki b\u00fcy\u00fck deprem ya\u015fad\u0131k. Bunun bat\u0131ya do\u011fru bir enerji y\u00fcklemesi yapt\u0131\u011f\u0131n\u0131 uzun s\u00fcredir s\u00f6yl\u00fcyoruz. Zaten ya\u015fanan art\u00e7\u0131lar da \u00f6zellikle Elbistan do\u011fusu ve \u00c7ardak civar\u0131ndan yo\u011funla\u015fm\u0131\u015ft\u0131. \u00d6zellikle burada enerji birikimi var bu t\u00fcr depremler ola\u011fan 5.5 orta b\u00fcy\u00fckl\u00fckte bir deprem daha \u00f6nceki depremde hasar alm\u0131\u015f yap\u0131lar varsa onlardaki hasar\u0131n bir miktar artmas\u0131na neden olabilir&#8221; dedi.<\/p>\n","protected":false},"excerpt":{"rendered":"<p>Adana&#8217;n\u0131n Kozan il\u00e7esindeki 5,5 b\u00fcy\u00fckl\u00fc\u011f\u00fcndeki deprem sonras\u0131 Prof. Dr. Naci G\u00f6r\u00fcr&#8217;den dikkat \u00e7eken a\u00e7\u0131klama geldi. &#8220;Stres&#46;&#46;&#46;<\/p>\n","protected":false},"author":2,"featured_media":7987,"comment_status":"open","ping_status":"open","sticky":false,"template":"","format":"standard","meta":{"inline_featured_image":false,"footnotes":""},"categories":[90],"tags":[2364,178,623,131,107],"manset":[],"class_list":["post-7985","post","type-post","status-publish","format-standard","has-post-thumbnail","hentry","category-turkiye-haberleri","tag-adana-depremi-sonrasi-kritik-uyari-naci-gorur-bolge-ismi-verdi","tag-deprem","tag-naci-gorur","tag-son-dakika","tag-ub"],"_links":{"self":[{"href":"https:\/\/www.urfabugun.com\/index.php\/wp-json\/wp\/v2\/posts\/7985","targetHints":{"allow":["GET"]}}],"collection":[{"href":"https:\/\/www.urfabugun.com\/index.php\/wp-json\/wp\/v2\/posts"}],"about":[{"href":"https:\/\/www.urfabugun.com\/index.php\/wp-json\/wp\/v2\/types\/post"}],"author":[{"embeddable":true,"href":"https:\/\/www.urfabugun.com\/index.php\/wp-json\/wp\/v2\/users\/2"}],"replies":[{"embeddable":true,"href":"https:\/\/www.urfabugun.com\/index.php\/wp-json\/wp\/v2\/comments?post=7985"}],"version-history":[{"count":0,"href":"https:\/\/www.urfabugun.com\/index.php\/wp-json\/wp\/v2\/posts\/7985\/revisions"}],"wp:featuredmedia":[{"embeddable":true,"href":"https:\/\/www.urfabugun.com\/index.php\/wp-json\/wp\/v2\/media\/7987"}],"wp:attachment":[{"href":"https:\/\/www.urfabugun.com\/index.php\/wp-json\/wp\/v2\/media?parent=7985"}],"wp:term":[{"taxonomy":"category","embeddable":true,"href":"https:\/\/www.urfabugun.com\/index.php\/wp-json\/wp\/v2\/categories?post=7985"},{"taxonomy":"post_tag","embeddable":true,"href":"https:\/\/www.urfabugun.com\/index.php\/wp-json\/wp\/v2\/tags?post=7985"},{"taxonomy":"manset","embeddable":true,"href":"https:\/\/www.urfabugun.com\/index.php\/wp-json\/wp\/v2\/manset?post=7985"}],"curies":[{"name":"wp","href":"https:\/\/api.w.org\/{rel}","templated":true}]}}