{"id":7989,"date":"2023-07-25T12:29:01","date_gmt":"2023-07-25T09:29:01","guid":{"rendered":"https:\/\/www.urfabugun.com\/?p=7989"},"modified":"2023-07-25T12:29:07","modified_gmt":"2023-07-25T09:29:07","slug":"uzmani-uyardi-yaz-aylarinda-buna-kesinlikle-dikkat-edin","status":"publish","type":"post","link":"https:\/\/www.urfabugun.com\/index.php\/2023\/07\/25\/uzmani-uyardi-yaz-aylarinda-buna-kesinlikle-dikkat-edin\/","title":{"rendered":"Uzman\u0131 Uyard\u0131: Yaz Aylar\u0131nda Buna Kesinlikle Dikkat Edin!"},"content":{"rendered":"\n<p><\/p>\n\n\n\n<p><strong>\u015eanl\u0131urfa Harran \u00dcniversitesi Hastanesi G\u00f6z Hastal\u0131klar\u0131 Anabilim Dal\u0131 Dr. \u00d6\u011fr. \u00dcyesi M\u00fcsl\u00fcm Toptan, a\u015f\u0131r\u0131 s\u0131cak havalar nedeniyle g\u00f6zlerin g\u00fcne\u015f \u0131\u015f\u0131nlar\u0131na uzun s\u00fcre maruz kal\u0131p zarar g\u00f6rmemesi konusunda uyar\u0131larda bulundu.<\/strong><\/p>\n\n\n\n<p>Son d\u00f6nemlerde art\u0131\u015f g\u00f6steren s\u0131cak havalarla birlikte T\u00fcrkiye\u2019nin en s\u0131cak ve en fazla g\u00fcne\u015f alan illerinin ba\u015f\u0131nda gelen \u015eanl\u0131urfa\u2019da \u015fiddetli g\u00fcne\u015f \u0131\u015f\u0131nlar\u0131 ya\u015fam\u0131 olumsuz etkiliyor. \u00d6zellikle g\u00f6zler \u015fiddetli g\u00fcne\u015f \u0131\u015f\u0131nlar\u0131na maruz kald\u0131\u011f\u0131nda zarar g\u00f6r\u00fcrken, konu ile ilgili \u015eanl\u0131urfa Harran \u00dcniversitesi Hastanesi G\u00f6z Hastal\u0131klar\u0131 Anabilim Dal\u0131 Dr. \u00d6\u011fr. \u00dcyesi M\u00fcsl\u00fcm Toptan bir a\u00e7\u0131klama yaparak g\u00fcne\u015f \u0131\u015f\u0131\u011f\u0131na direk maruz kalman\u0131n g\u00f6z sa\u011fl\u0131\u011f\u0131n\u0131 olumsuz y\u00f6nde etkiledi\u011fini dile getirdi.<\/p>\n\n\n\n<p>&nbsp;Dr. \u00d6\u011fr. \u00dcyesi M\u00fcsl\u00fcm Toptan, g\u00fcne\u015fin insan sa\u011fl\u0131\u011f\u0131 a\u00e7\u0131s\u0131ndan olu\u015fturdu\u011fu ba\u015fl\u0131ca tehlikelerden birinin i\u00e7erisinde bar\u0131nd\u0131rd\u0131\u011f\u0131 ultraviyole \u0131\u015f\u0131nlar oldu\u011funa dikkat \u00e7ekerken, bir\u00e7ok insan\u0131n ultraviyole \u0131\u015f\u0131nlar\u0131n ciltte olu\u015fturdu\u011fu zararl\u0131 etkilerden haberdar oldu\u011funu ancak g\u00f6z \u00fczerine yapt\u0131\u011f\u0131 etkilerden habersiz oldu\u011funu ifade etti.<\/p>\n\n\n\n<p>Dr. \u00d6\u011fr. \u00dcyesi Toptan konuyla ilgili \u015funlar\u0131 kaydetti: \u201cA-B ve C olmak \u00fczere \u00fc\u00e7 tip ultraviyole \u0131\u015f\u0131n vard\u0131r ve bunlardan ultraviyole-C ozon tabakas\u0131 taraf\u0131ndan emilmekte ve insan sa\u011fl\u0131\u011f\u0131 a\u00e7\u0131s\u0131ndan herhangi bir tehdit olu\u015fturmamaktad\u0131r. Bununla birlikte ultraviyole-A ve ultraviyole-B\u2019nin g\u00f6z ve g\u00f6rme sa\u011fl\u0131\u011f\u0131 \u00fczerine uzun ve k\u0131sa d\u00f6nem olumsuz etkileri mevcuttur. Ultraviyole \u0131\u015f\u0131nlara k\u0131sa s\u00fcrede a\u015f\u0131r\u0131 dozda maruz kalmak g\u00f6zlerde batma, yabanc\u0131 cisim hissi, sulanma, bulan\u0131k g\u00f6rme, \u0131\u015f\u0131k hassasiyeti ile giden halk aras\u0131nda \u2018kar k\u00f6rl\u00fc\u011f\u00fc\u2019 olarak bilinen tabloya yol a\u00e7abilir.<\/p>\n\n\n\n<p>Uzun d\u00f6nem d\u00fc\u015f\u00fck doz maruziyet ise katarakt, ya\u015fa ba\u011fl\u0131 makula dejenerasyonu (sar\u0131 nokta hastal\u0131\u011f\u0131), g\u00f6z y\u00fczeyinde ve g\u00f6z kapa\u011f\u0131 cildinde iyi ya da k\u00f6t\u00fc huylu kitlelere, g\u00f6ze et gelmesine sebep olabilmekle birlikte alerjik g\u00f6z hastal\u0131klar\u0131n\u0131 da tetikleyebilir. Geni\u015f \u00e7eperli \u015fapka ve ba\u015fl\u0131k kullan\u0131m\u0131 g\u00f6ze gelen ultraviyole \u0131\u015f\u0131nlar\u0131n\u0131 ancak %50 oran\u0131nda azaltabilmektedir. Bu nedenle g\u00fcne\u015f g\u00f6zl\u00fckleri aksesuar \u00f6zellik ta\u015f\u0131man\u0131n yan\u0131 s\u0131ra g\u00f6z\u00fc ultraviyole \u0131\u015f\u0131nlar\u0131n\u0131n zararl\u0131 etkilerinden korumada b\u00fcy\u00fck yer tutarlar.<\/p>\n\n\n\n<p>G\u00fcn\u00fcm\u00fczde art\u0131k g\u00f6z sa\u011fl\u0131\u011f\u0131 a\u00e7\u0131s\u0131ndan k\u00fc\u00e7\u00fck ya\u015flardan itibaren g\u00fcne\u015f g\u00f6zl\u00fc\u011f\u00fc kullan\u0131m\u0131 \u00f6nerilmektedir. Normal \u015fartlarda insan g\u00f6z\u00fc parlak \u0131\u015f\u0131kta g\u00f6z bebe\u011fini k\u00fc\u00e7\u00fclterek \u0131\u015f\u0131\u011fa kar\u015f\u0131 do\u011fal bir koruma sa\u011flamaktad\u0131r. Biz g\u00f6r\u00fcnen \u0131\u015f\u0131\u011f\u0131 kesen ama ultraviyoleye kar\u015f\u0131 koruma sa\u011flamayan bir g\u00fcne\u015f g\u00f6zl\u00fc\u011f\u00fc takt\u0131\u011f\u0131m\u0131zda g\u00f6z bebe\u011fi karanl\u0131\u011f\u0131n etkisiyle daha fazla a\u00e7\u0131lacak bu da daha y\u00fcksek oranda ultraviyole \u0131\u015f\u0131n\u0131na maruz kalmam\u0131za yol a\u00e7acakt\u0131r. Bu nedenle ultraviyole filtre \u00f6zelli\u011fi olmayan sadece koyu renk caml\u0131 g\u00fcne\u015f g\u00f6zl\u00fckleri kesinlikle kullan\u0131lmamal\u0131d\u0131r.\u201d<\/p>\n","protected":false},"excerpt":{"rendered":"<p>\u015eanl\u0131urfa Harran \u00dcniversitesi Hastanesi G\u00f6z Hastal\u0131klar\u0131 Anabilim Dal\u0131 Dr. \u00d6\u011fr. \u00dcyesi M\u00fcsl\u00fcm Toptan, a\u015f\u0131r\u0131 s\u0131cak havalar&#46;&#46;&#46;<\/p>\n","protected":false},"author":2,"featured_media":7991,"comment_status":"open","ping_status":"open","sticky":false,"template":"","format":"standard","meta":{"inline_featured_image":false,"footnotes":""},"categories":[87],"tags":[2366,2365,2367,131,107],"manset":[],"class_list":["post-7989","post","type-post","status-publish","format-standard","has-post-thumbnail","hentry","category-saglik-haberleri","tag-goz","tag-goz-hastaliklari-anabilim-dali-dr-ogr-uyesi-muslum-toptan","tag-gunes","tag-son-dakika","tag-ub"],"_links":{"self":[{"href":"https:\/\/www.urfabugun.com\/index.php\/wp-json\/wp\/v2\/posts\/7989","targetHints":{"allow":["GET"]}}],"collection":[{"href":"https:\/\/www.urfabugun.com\/index.php\/wp-json\/wp\/v2\/posts"}],"about":[{"href":"https:\/\/www.urfabugun.com\/index.php\/wp-json\/wp\/v2\/types\/post"}],"author":[{"embeddable":true,"href":"https:\/\/www.urfabugun.com\/index.php\/wp-json\/wp\/v2\/users\/2"}],"replies":[{"embeddable":true,"href":"https:\/\/www.urfabugun.com\/index.php\/wp-json\/wp\/v2\/comments?post=7989"}],"version-history":[{"count":0,"href":"https:\/\/www.urfabugun.com\/index.php\/wp-json\/wp\/v2\/posts\/7989\/revisions"}],"wp:featuredmedia":[{"embeddable":true,"href":"https:\/\/www.urfabugun.com\/index.php\/wp-json\/wp\/v2\/media\/7991"}],"wp:attachment":[{"href":"https:\/\/www.urfabugun.com\/index.php\/wp-json\/wp\/v2\/media?parent=7989"}],"wp:term":[{"taxonomy":"category","embeddable":true,"href":"https:\/\/www.urfabugun.com\/index.php\/wp-json\/wp\/v2\/categories?post=7989"},{"taxonomy":"post_tag","embeddable":true,"href":"https:\/\/www.urfabugun.com\/index.php\/wp-json\/wp\/v2\/tags?post=7989"},{"taxonomy":"manset","embeddable":true,"href":"https:\/\/www.urfabugun.com\/index.php\/wp-json\/wp\/v2\/manset?post=7989"}],"curies":[{"name":"wp","href":"https:\/\/api.w.org\/{rel}","templated":true}]}}