{"id":8018,"date":"2023-07-26T10:31:18","date_gmt":"2023-07-26T07:31:18","guid":{"rendered":"https:\/\/www.urfabugun.com\/?p=8018"},"modified":"2023-07-26T10:31:25","modified_gmt":"2023-07-26T07:31:25","slug":"turizm-cenneti-yaniyor-kemer-yangininda-35-saat-geride-kaldi","status":"publish","type":"post","link":"https:\/\/www.urfabugun.com\/index.php\/2023\/07\/26\/turizm-cenneti-yaniyor-kemer-yangininda-35-saat-geride-kaldi\/","title":{"rendered":"Turizm Cenneti Yan\u0131yor: Kemer Yang\u0131n\u0131nda 35 Saat Geride Kald\u0131!"},"content":{"rendered":"\n<p><\/p>\n\n\n\n<p><strong>Antalya&#8217;n\u0131n Kemer il\u00e7esinde 35 saati a\u015fk\u0131n devam eden orman yang\u0131n\u0131yla m\u00fccadele devam ediyor.<\/strong><\/p>\n\n\n\n<p>Antalya&#8217;n\u0131n Kemer il\u00e7esindeki orman yang\u0131n\u0131, 35. saatinde de devam ediyor. D\u00fcn gece saatlerinde gece g\u00f6r\u00fc\u015fl\u00fc helikopterlerin \u00e7al\u0131\u015ft\u0131\u011f\u0131 b\u00f6lgede havan\u0131n ayd\u0131nlanmas\u0131yla birlikte ara veren di\u011fer helikopter ve u\u00e7aklar da \u00e7al\u0131\u015fmalar\u0131na kald\u0131\u011f\u0131 yerden devam etmeye ba\u015flad\u0131. B\u00f6lgedeki zorlu arazi \u015fartlar\u0131 ise ekiplerin karadan m\u00fcdahale etmesini zorla\u015ft\u0131r\u0131yor.<\/p>\n\n\n\n<p><strong>SABAHIN \u0130LK I\u015eIKLARIYLA TAM M\u00dcCADELE BA\u015eLADI<\/strong><\/p>\n\n\n\n<p>Kemer il\u00e7esinde 24 Haziran Pazartesi ak\u015fam\u0131 saat 21.08&#8217;de ba\u015flayan orman yang\u0131n\u0131 dar k\u0131s\u0131mdaki kanyonda devam ediyor. D\u00fcn havan\u0131n kararmas\u0131yla birlikte gece boyunca 5 gece g\u00f6r\u00fc\u015fl\u00fc helikopterin havadan s\u00f6nd\u00fcrme \u00e7al\u0131\u015fmalar\u0131n\u0131 y\u00fcr\u00fctt\u00fc\u011f\u00fc b\u00f6lgede, g\u00fcn\u00fcn ilk \u0131\u015f\u0131klar\u0131yla birlikte havadaki s\u00f6nd\u00fcrme ekip say\u0131s\u0131 artt\u0131.<\/p>\n\n\n\n<p>Karadan binin \u00fczerinde personel, araz\u00f6z, i\u015f makinelerinin yan\u0131 s\u0131ra, havadan helikopter ve u\u00e7aklar s\u0131k aral\u0131klarla sorti d\u00fczenleyip denizden ald\u0131klar\u0131 suyu yang\u0131n b\u00f6lgesine ta\u015f\u0131yor.<\/p>\n\n\n\n<p><strong>B\u0130R TEK KEMER S\u00d6ND\u00dcR\u00dcLEMED\u0130<\/strong><\/p>\n\n\n\n<p>Tar\u0131m ve Orman Bakan\u0131 \u0130brahim Yumakl\u0131, ak\u015fam saatlerinde Antalya&#8217;n\u0131n Kemer il\u00e7esinde s\u00fcren yang\u0131n hari\u00e7 di\u011fer b\u00f6lgelerdeki t\u00fcm yang\u0131nlar\u0131n kontrol alt\u0131na al\u0131nd\u0131\u011f\u0131 s\u00f6ylemi\u015fti.<\/p>\n","protected":false},"excerpt":{"rendered":"<p>Antalya&#8217;n\u0131n Kemer il\u00e7esinde 35 saati a\u015fk\u0131n devam eden orman yang\u0131n\u0131yla m\u00fccadele devam ediyor. Antalya&#8217;n\u0131n Kemer il\u00e7esindeki&#46;&#46;&#46;<\/p>\n","protected":false},"author":2,"featured_media":8020,"comment_status":"open","ping_status":"open","sticky":false,"template":"","format":"standard","meta":{"inline_featured_image":false,"footnotes":""},"categories":[77],"tags":[231,2376,107,211],"manset":[],"class_list":["post-8018","post","type-post","status-publish","format-standard","has-post-thumbnail","hentry","category-cevre-haberleri","tag-antalya","tag-kemer","tag-ub","tag-yangin"],"_links":{"self":[{"href":"https:\/\/www.urfabugun.com\/index.php\/wp-json\/wp\/v2\/posts\/8018","targetHints":{"allow":["GET"]}}],"collection":[{"href":"https:\/\/www.urfabugun.com\/index.php\/wp-json\/wp\/v2\/posts"}],"about":[{"href":"https:\/\/www.urfabugun.com\/index.php\/wp-json\/wp\/v2\/types\/post"}],"author":[{"embeddable":true,"href":"https:\/\/www.urfabugun.com\/index.php\/wp-json\/wp\/v2\/users\/2"}],"replies":[{"embeddable":true,"href":"https:\/\/www.urfabugun.com\/index.php\/wp-json\/wp\/v2\/comments?post=8018"}],"version-history":[{"count":0,"href":"https:\/\/www.urfabugun.com\/index.php\/wp-json\/wp\/v2\/posts\/8018\/revisions"}],"wp:featuredmedia":[{"embeddable":true,"href":"https:\/\/www.urfabugun.com\/index.php\/wp-json\/wp\/v2\/media\/8020"}],"wp:attachment":[{"href":"https:\/\/www.urfabugun.com\/index.php\/wp-json\/wp\/v2\/media?parent=8018"}],"wp:term":[{"taxonomy":"category","embeddable":true,"href":"https:\/\/www.urfabugun.com\/index.php\/wp-json\/wp\/v2\/categories?post=8018"},{"taxonomy":"post_tag","embeddable":true,"href":"https:\/\/www.urfabugun.com\/index.php\/wp-json\/wp\/v2\/tags?post=8018"},{"taxonomy":"manset","embeddable":true,"href":"https:\/\/www.urfabugun.com\/index.php\/wp-json\/wp\/v2\/manset?post=8018"}],"curies":[{"name":"wp","href":"https:\/\/api.w.org\/{rel}","templated":true}]}}