{"id":8031,"date":"2023-07-26T14:04:35","date_gmt":"2023-07-26T11:04:35","guid":{"rendered":"https:\/\/www.urfabugun.com\/?p=8031"},"modified":"2023-07-26T14:04:42","modified_gmt":"2023-07-26T11:04:42","slug":"sanliurfaspor-yeni-sezon-calismalarini-siki-tutuyor","status":"publish","type":"post","link":"https:\/\/www.urfabugun.com\/index.php\/2023\/07\/26\/sanliurfaspor-yeni-sezon-calismalarini-siki-tutuyor\/","title":{"rendered":"\u015eanl\u0131urfaspor Yeni Sezon \u00c7al\u0131\u015fmalar\u0131n\u0131 S\u0131k\u0131 Tutuyor!"},"content":{"rendered":"\n<p><\/p>\n\n\n\n<p><strong>Bolu&#8217;da 2. etap kamp d\u00f6nemini s\u00fcrd\u00fcren \u015eanl\u0131urfaspor&#8217;da performans y\u00fcksek tutuluyor. G\u00fcnde \u00e7ift antrenmanla sezona haz\u0131rlanan tak\u0131m son olarak taktik \u00e7al\u0131\u015ft\u0131.<\/strong><\/p>\n\n\n\n<p>2023-2024 sezonunda Trendyol 1. Ligi\u2019nde m\u00fccadele edecek sar\u0131 ye\u015filli ekip \u015eanl\u0131urfaspor\u2019da tempo her ge\u00e7en g\u00fcn daha da artt\u0131r\u0131l\u0131yor. Tak\u0131ma yeni kat\u0131lan futbolcular\u0131n da ortak \u00e7al\u0131\u015fmaya kat\u0131ld\u0131\u011f\u0131 \u015eanl\u0131urfaspor\u2019da son olarak taktiksel a\u011f\u0131rl\u0131kl\u0131 \u00e7al\u0131\u015fma ger\u00e7ekle\u015ftirildi.<\/p>\n\n\n\n<p>Teknik Direkt\u00f6r Efe \u0130nan\u00e7 ve yard\u0131mc\u0131lar\u0131n\u0131n t\u00fcm futbolcularla birebir ilgilendi\u011fi g\u00fcn\u00fcn antrenman\u0131 ise yakla\u015f\u0131k 2 saat s\u00fcrd\u00fc. Motivasyonun y\u00fcksek oldu\u011fu tak\u0131mda aile ortam\u0131 \u00f6n plana \u00e7\u0131karken, futbolcular aras\u0131ndaki ikili diyaloglar\u0131n da antrenmana yans\u0131d\u0131\u011f\u0131 g\u00f6zlendi.<\/p>\n\n\n\n<p>G\u00fcnde \u00e7ift antrenmanla sezona haz\u0131rlanan \u015eanl\u0131urfaspor\u2019un kamp\u0131 4 A\u011fustos tarihine kadar s\u00fcrecek.<\/p>\n","protected":false},"excerpt":{"rendered":"<p>Bolu&#8217;da 2. etap kamp d\u00f6nemini s\u00fcrd\u00fcren \u015eanl\u0131urfaspor&#8217;da performans y\u00fcksek tutuluyor. G\u00fcnde \u00e7ift antrenmanla sezona haz\u0131rlanan tak\u0131m&#46;&#46;&#46;<\/p>\n","protected":false},"author":2,"featured_media":8033,"comment_status":"open","ping_status":"open","sticky":false,"template":"","format":"standard","meta":{"inline_featured_image":false,"footnotes":""},"categories":[88],"tags":[118,270,2379,107],"manset":[],"class_list":["post-8031","post","type-post","status-publish","format-standard","has-post-thumbnail","hentry","category-spor-haberleri","tag-sanliurfa","tag-sanliurfaspor","tag-sanliurfaspor-yeni-sezon-calismalarini-siki-tutuyor","tag-ub"],"_links":{"self":[{"href":"https:\/\/www.urfabugun.com\/index.php\/wp-json\/wp\/v2\/posts\/8031","targetHints":{"allow":["GET"]}}],"collection":[{"href":"https:\/\/www.urfabugun.com\/index.php\/wp-json\/wp\/v2\/posts"}],"about":[{"href":"https:\/\/www.urfabugun.com\/index.php\/wp-json\/wp\/v2\/types\/post"}],"author":[{"embeddable":true,"href":"https:\/\/www.urfabugun.com\/index.php\/wp-json\/wp\/v2\/users\/2"}],"replies":[{"embeddable":true,"href":"https:\/\/www.urfabugun.com\/index.php\/wp-json\/wp\/v2\/comments?post=8031"}],"version-history":[{"count":0,"href":"https:\/\/www.urfabugun.com\/index.php\/wp-json\/wp\/v2\/posts\/8031\/revisions"}],"wp:featuredmedia":[{"embeddable":true,"href":"https:\/\/www.urfabugun.com\/index.php\/wp-json\/wp\/v2\/media\/8033"}],"wp:attachment":[{"href":"https:\/\/www.urfabugun.com\/index.php\/wp-json\/wp\/v2\/media?parent=8031"}],"wp:term":[{"taxonomy":"category","embeddable":true,"href":"https:\/\/www.urfabugun.com\/index.php\/wp-json\/wp\/v2\/categories?post=8031"},{"taxonomy":"post_tag","embeddable":true,"href":"https:\/\/www.urfabugun.com\/index.php\/wp-json\/wp\/v2\/tags?post=8031"},{"taxonomy":"manset","embeddable":true,"href":"https:\/\/www.urfabugun.com\/index.php\/wp-json\/wp\/v2\/manset?post=8031"}],"curies":[{"name":"wp","href":"https:\/\/api.w.org\/{rel}","templated":true}]}}