{"id":8049,"date":"2023-07-27T10:30:38","date_gmt":"2023-07-27T07:30:38","guid":{"rendered":"https:\/\/www.urfabugun.com\/?p=8049"},"modified":"2023-07-27T10:30:44","modified_gmt":"2023-07-27T07:30:44","slug":"haliliyede-kultur-ve-sanat-kurslari-basliyor","status":"publish","type":"post","link":"https:\/\/www.urfabugun.com\/index.php\/2023\/07\/27\/haliliyede-kultur-ve-sanat-kurslari-basliyor\/","title":{"rendered":"Haliliye\u2019de K\u00fclt\u00fcr ve Sanat Kurslar\u0131 Ba\u015fl\u0131yor!"},"content":{"rendered":"\n<p><\/p>\n\n\n\n<p><strong>Haliliye Belediye Ba\u015fkan\u0131 Mehmet Canpolat\u2019\u0131n gen\u00e7li\u011fe \u00f6nem verilmesi talimatlar\u0131yla il\u00e7eye kazand\u0131r\u0131lan K\u00fclt\u00fcr ve Sanat Evindeki kurslar i\u00e7in kay\u0131tlar ba\u015flad\u0131.<\/strong><\/p>\n\n\n\n<p>Haliliye Belediyesinin gen\u00e7leri gelece\u011fe haz\u0131rlama ve sanatla tan\u0131\u015ft\u0131rmak amac\u0131yla hayata ge\u00e7irdi\u011fi \u00e7al\u0131\u015fmalar devam ediyor.<\/p>\n\n\n\n<p>Belediye b\u00fcnyesindeki Kamberiye Mahallesinde bulunan bina, Belediye Ba\u015fkan\u0131 Mehmet Canpolat\u2019\u0131n gen\u00e7lere y\u00f6nelik hizmet verilmesi talimatlar\u0131yla K\u00fclt\u00fcr ve Sanat Evi\u2019ne d\u00f6n\u00fc\u015ft\u00fcr\u00fcld\u00fc. K\u00fclt\u00fcr ve Sosyal \u0130\u015fler M\u00fcd\u00fcrl\u00fc\u011f\u00fc taraf\u0131ndan k\u0131sa s\u00fcre i\u00e7erisinde \u00e7al\u0131\u015fmalar\u0131n tamamland\u0131\u011f\u0131 K\u00fclt\u00fcr ve Sanat Evi, def\/bendir, ney, keman ve piyano kurslar\u0131yla vatanda\u015flar\u0131n hizmetinde olacak.<\/p>\n\n\n\n<p>Gen\u00e7lerin k\u00fclt\u00fcrel faaliyetlere y\u00f6nlendirilmesi ve sanatla i\u00e7 i\u00e7e olmas\u0131 amac\u0131yla il\u00e7eye kazand\u0131r\u0131lan K\u00fclt\u00fcr ve Sanat Evinde kurslar ise uzman hocalar e\u015fli\u011finde sunulacak.&nbsp;<\/p>\n\n\n\n<p>K\u00fclt\u00fcr ve Sosyal \u0130\u015fler M\u00fcd\u00fcrl\u00fc\u011f\u00fc taraf\u0131ndan yap\u0131lan duyuru ile ba\u015flayan kurs kay\u0131tlar\u0131 i\u00e7in ba\u015fvurular ise Recep Tayyip Erdo\u011fan K\u00fclt\u00fcr Merkezi ve Kamberiye Mahallesinde bulunan K\u00fclt\u00fcr ve Sanat Evinden al\u0131nacak.<\/p>\n","protected":false},"excerpt":{"rendered":"<p>Haliliye Belediye Ba\u015fkan\u0131 Mehmet Canpolat\u2019\u0131n gen\u00e7li\u011fe \u00f6nem verilmesi talimatlar\u0131yla il\u00e7eye kazand\u0131r\u0131lan K\u00fclt\u00fcr ve Sanat Evindeki kurslar&#46;&#46;&#46;<\/p>\n","protected":false},"author":2,"featured_media":8051,"comment_status":"open","ping_status":"open","sticky":false,"template":"","format":"standard","meta":{"inline_featured_image":false,"footnotes":""},"categories":[84],"tags":[135,2385,136,107],"manset":[],"class_list":["post-8049","post","type-post","status-publish","format-standard","has-post-thumbnail","hentry","category-kultur-sanat-haberleri","tag-haliliye-belediyesi","tag-haliliyede-kultur-ve-sanat-kurslari-basliyor","tag-mehmet-canpolat","tag-ub"],"_links":{"self":[{"href":"https:\/\/www.urfabugun.com\/index.php\/wp-json\/wp\/v2\/posts\/8049","targetHints":{"allow":["GET"]}}],"collection":[{"href":"https:\/\/www.urfabugun.com\/index.php\/wp-json\/wp\/v2\/posts"}],"about":[{"href":"https:\/\/www.urfabugun.com\/index.php\/wp-json\/wp\/v2\/types\/post"}],"author":[{"embeddable":true,"href":"https:\/\/www.urfabugun.com\/index.php\/wp-json\/wp\/v2\/users\/2"}],"replies":[{"embeddable":true,"href":"https:\/\/www.urfabugun.com\/index.php\/wp-json\/wp\/v2\/comments?post=8049"}],"version-history":[{"count":0,"href":"https:\/\/www.urfabugun.com\/index.php\/wp-json\/wp\/v2\/posts\/8049\/revisions"}],"wp:featuredmedia":[{"embeddable":true,"href":"https:\/\/www.urfabugun.com\/index.php\/wp-json\/wp\/v2\/media\/8051"}],"wp:attachment":[{"href":"https:\/\/www.urfabugun.com\/index.php\/wp-json\/wp\/v2\/media?parent=8049"}],"wp:term":[{"taxonomy":"category","embeddable":true,"href":"https:\/\/www.urfabugun.com\/index.php\/wp-json\/wp\/v2\/categories?post=8049"},{"taxonomy":"post_tag","embeddable":true,"href":"https:\/\/www.urfabugun.com\/index.php\/wp-json\/wp\/v2\/tags?post=8049"},{"taxonomy":"manset","embeddable":true,"href":"https:\/\/www.urfabugun.com\/index.php\/wp-json\/wp\/v2\/manset?post=8049"}],"curies":[{"name":"wp","href":"https:\/\/api.w.org\/{rel}","templated":true}]}}