{"id":8060,"date":"2023-07-27T11:27:26","date_gmt":"2023-07-27T08:27:26","guid":{"rendered":"https:\/\/www.urfabugun.com\/?p=8060"},"modified":"2023-07-27T11:27:33","modified_gmt":"2023-07-27T08:27:33","slug":"heyecan-dorukta-yks-2023-tercih-sureci-basladi","status":"publish","type":"post","link":"https:\/\/www.urfabugun.com\/index.php\/2023\/07\/27\/heyecan-dorukta-yks-2023-tercih-sureci-basladi\/","title":{"rendered":"Heyecan Dorukta: YKS 2023 Tercih S\u00fcreci Ba\u015flad\u0131!"},"content":{"rendered":"\n<p><\/p>\n\n\n\n<p><strong>\u00d6SYM taraf\u0131ndan yap\u0131lan \u00fc\u00e7 oturumlu YKS s\u0131navlar\u0131n\u0131n ard\u0131ndan tercihler i\u00e7in heyecan devam ediyor. 27 Temmuz Per\u015fembe g\u00fcn\u00fc ba\u015flayan tercih i\u015flemleri, 8 A\u011fustos 2023&#8217;e kadar devam edecek. \u00a0<\/strong><\/p>\n\n\n\n<p>YKS tercihleri bug\u00fcn ba\u015flad\u0131. Binlerce \u00fcniversite aday\u0131 ge\u00e7ti\u011fimiz hafta \u00f6\u011frendikleri sonu\u00e7lar\u0131n ard\u0131ndan puanlar\u0131yla i\u015flemlerini \u00d6SYM A\u0130S ekran\u0131 \u00fczerinden ger\u00e7ekle\u015ftirecek. 13 g\u00fcnl\u00fck s\u00fcre\u00e7te i\u015flemlerini ger\u00e7ekle\u015ftiren adaylar bu kez ise tercih sonu\u00e7lar\u0131 i\u00e7in geri say\u0131ma ge\u00e7ecek.<\/p>\n\n\n\n<p><strong>YKS TERC\u0130HLER\u0130 NASIL YAPILIR?<\/strong><\/p>\n\n\n\n<p>\u00d6l\u00e7me, Se\u00e7me ve Yerle\u015ftirme Merkezi (\u00d6SYM) Ba\u015fkan\u0131 Ali Ersoy yapt\u0131\u011f\u0131 a\u00e7\u0131klamada tercih i\u015flemlerinin 1 hafta sonra ba\u015flayaca\u011f\u0131n\u0131 duyurdu. YKS tercih ekran\u0131 13 g\u00fcn boyunca \u00f6\u011frencilerin eri\u015fimine a\u00e7\u0131k kalacak. \u00dcniversite tercihleri i\u00e7in \u00f6\u011frenciler herhangi bir \u00fccret \u00f6demeyecek.<\/p>\n\n\n\n<p><strong>\u00d6SYM YKS TERC\u0130H EKRANI<\/strong><\/p>\n\n\n\n<p>YKS tercih i\u015flemleri 27 Temmuz-8 A\u011fustos tarihleri aras\u0131nda al\u0131nacak. Tercih i\u015flemleri \u00d6SYM A\u0130S \u00fczerinden T.C. kimlik numaras\u0131 ve aday \u015fifresiyle ger\u00e7ekle\u015ftirilecek. Ayr\u0131ca \u00d6SYM merkezlerinden adaylar tercih yapma hakk\u0131na sahip olacak.<\/p>\n","protected":false},"excerpt":{"rendered":"<p>\u00d6SYM taraf\u0131ndan yap\u0131lan \u00fc\u00e7 oturumlu YKS s\u0131navlar\u0131n\u0131n ard\u0131ndan tercihler i\u00e7in heyecan devam ediyor. 27 Temmuz Per\u015fembe&#46;&#46;&#46;<\/p>\n","protected":false},"author":2,"featured_media":8062,"comment_status":"open","ping_status":"open","sticky":false,"template":"","format":"standard","meta":{"inline_featured_image":false,"footnotes":""},"categories":[79],"tags":[1888,118,107,770,2390],"manset":[],"class_list":["post-8060","post","type-post","status-publish","format-standard","has-post-thumbnail","hentry","category-egitim-haberleri","tag-osym","tag-sanliurfa","tag-ub","tag-yks","tag-yks-tercih-sureci-basladi"],"_links":{"self":[{"href":"https:\/\/www.urfabugun.com\/index.php\/wp-json\/wp\/v2\/posts\/8060","targetHints":{"allow":["GET"]}}],"collection":[{"href":"https:\/\/www.urfabugun.com\/index.php\/wp-json\/wp\/v2\/posts"}],"about":[{"href":"https:\/\/www.urfabugun.com\/index.php\/wp-json\/wp\/v2\/types\/post"}],"author":[{"embeddable":true,"href":"https:\/\/www.urfabugun.com\/index.php\/wp-json\/wp\/v2\/users\/2"}],"replies":[{"embeddable":true,"href":"https:\/\/www.urfabugun.com\/index.php\/wp-json\/wp\/v2\/comments?post=8060"}],"version-history":[{"count":0,"href":"https:\/\/www.urfabugun.com\/index.php\/wp-json\/wp\/v2\/posts\/8060\/revisions"}],"wp:featuredmedia":[{"embeddable":true,"href":"https:\/\/www.urfabugun.com\/index.php\/wp-json\/wp\/v2\/media\/8062"}],"wp:attachment":[{"href":"https:\/\/www.urfabugun.com\/index.php\/wp-json\/wp\/v2\/media?parent=8060"}],"wp:term":[{"taxonomy":"category","embeddable":true,"href":"https:\/\/www.urfabugun.com\/index.php\/wp-json\/wp\/v2\/categories?post=8060"},{"taxonomy":"post_tag","embeddable":true,"href":"https:\/\/www.urfabugun.com\/index.php\/wp-json\/wp\/v2\/tags?post=8060"},{"taxonomy":"manset","embeddable":true,"href":"https:\/\/www.urfabugun.com\/index.php\/wp-json\/wp\/v2\/manset?post=8060"}],"curies":[{"name":"wp","href":"https:\/\/api.w.org\/{rel}","templated":true}]}}