{"id":8072,"date":"2023-07-28T09:02:20","date_gmt":"2023-07-28T06:02:20","guid":{"rendered":"https:\/\/www.urfabugun.com\/?p=8072"},"modified":"2023-07-28T09:02:26","modified_gmt":"2023-07-28T06:02:26","slug":"merkez-bankasina-kritik-atamalar-baskan-yardimcilari-gorevden-alindi","status":"publish","type":"post","link":"https:\/\/www.urfabugun.com\/index.php\/2023\/07\/28\/merkez-bankasina-kritik-atamalar-baskan-yardimcilari-gorevden-alindi\/","title":{"rendered":"Merkez Bankas\u0131&#8217;na Kritik Atamalar! Ba\u015fkan Yard\u0131mc\u0131lar\u0131 G\u00f6revden Al\u0131nd\u0131!"},"content":{"rendered":"\n<p><\/p>\n\n\n\n<p><strong>Resmi Gazete&#8217;de yay\u0131mlanan karara g\u00f6re Merkez Bankas\u0131 Ba\u015fkan yard\u0131mc\u0131lar\u0131 de\u011fi\u015fti!<\/strong><\/p>\n\n\n\n<p>Cumhurba\u015fkan\u0131 Recep Tayyip Erdo\u011fan&#8217;\u0131n imzas\u0131yla T\u00fcrkiye Cumhuriyeti Merkez Bankas\u0131&#8217;na ili\u015fkin atama ve g\u00f6revden alma kararlar\u0131, Resmi Gazete\u2019de yay\u0131mland\u0131.<\/p>\n\n\n\n<p>Cumhurba\u015fkan\u0131 Erdo\u011fan imzas\u0131yla yay\u0131mlanan karara g\u00f6re Merkez Bankas\u0131 ba\u015fkan yard\u0131mc\u0131lar\u0131 Emrah \u015eener, Taha \u00c7akmak ve Mustafa Duman g\u00f6revden al\u0131nd\u0131.<\/p>\n\n\n\n<p>Osman Cevdet Ak\u00e7ay, Fatih Karahan ve Cumhurba\u015fkan\u0131 Ba\u015fdan\u0131\u015fman\u0131 Hatice Karahan da Merkez Bankas\u0131 ba\u015fkan yard\u0131mc\u0131s\u0131 olarak atand\u0131.<\/p>\n","protected":false},"excerpt":{"rendered":"<p>Resmi Gazete&#8217;de yay\u0131mlanan karara g\u00f6re Merkez Bankas\u0131 Ba\u015fkan yard\u0131mc\u0131lar\u0131 de\u011fi\u015fti! Cumhurba\u015fkan\u0131 Recep Tayyip Erdo\u011fan&#8217;\u0131n imzas\u0131yla T\u00fcrkiye&#46;&#46;&#46;<\/p>\n","protected":false},"author":2,"featured_media":8074,"comment_status":"open","ping_status":"open","sticky":false,"template":"","format":"standard","meta":{"inline_featured_image":false,"footnotes":""},"categories":[82],"tags":[565,2393,131,107],"manset":[],"class_list":["post-8072","post","type-post","status-publish","format-standard","has-post-thumbnail","hentry","category-gundem-haberleri","tag-merkez-bankasi-2","tag-merkez-bankasina-kritik-atamalar-baskan-yardimcilari-gorevden-alindi","tag-son-dakika","tag-ub"],"_links":{"self":[{"href":"https:\/\/www.urfabugun.com\/index.php\/wp-json\/wp\/v2\/posts\/8072","targetHints":{"allow":["GET"]}}],"collection":[{"href":"https:\/\/www.urfabugun.com\/index.php\/wp-json\/wp\/v2\/posts"}],"about":[{"href":"https:\/\/www.urfabugun.com\/index.php\/wp-json\/wp\/v2\/types\/post"}],"author":[{"embeddable":true,"href":"https:\/\/www.urfabugun.com\/index.php\/wp-json\/wp\/v2\/users\/2"}],"replies":[{"embeddable":true,"href":"https:\/\/www.urfabugun.com\/index.php\/wp-json\/wp\/v2\/comments?post=8072"}],"version-history":[{"count":0,"href":"https:\/\/www.urfabugun.com\/index.php\/wp-json\/wp\/v2\/posts\/8072\/revisions"}],"wp:featuredmedia":[{"embeddable":true,"href":"https:\/\/www.urfabugun.com\/index.php\/wp-json\/wp\/v2\/media\/8074"}],"wp:attachment":[{"href":"https:\/\/www.urfabugun.com\/index.php\/wp-json\/wp\/v2\/media?parent=8072"}],"wp:term":[{"taxonomy":"category","embeddable":true,"href":"https:\/\/www.urfabugun.com\/index.php\/wp-json\/wp\/v2\/categories?post=8072"},{"taxonomy":"post_tag","embeddable":true,"href":"https:\/\/www.urfabugun.com\/index.php\/wp-json\/wp\/v2\/tags?post=8072"},{"taxonomy":"manset","embeddable":true,"href":"https:\/\/www.urfabugun.com\/index.php\/wp-json\/wp\/v2\/manset?post=8072"}],"curies":[{"name":"wp","href":"https:\/\/api.w.org\/{rel}","templated":true}]}}