{"id":8086,"date":"2023-07-28T10:58:10","date_gmt":"2023-07-28T07:58:10","guid":{"rendered":"https:\/\/www.urfabugun.com\/?p=8086"},"modified":"2023-07-28T10:58:17","modified_gmt":"2023-07-28T07:58:17","slug":"baskan-beyazgul-vatandaslara-hizmet-etmenin-mutlulugunu-yasiyoruz","status":"publish","type":"post","link":"https:\/\/www.urfabugun.com\/index.php\/2023\/07\/28\/baskan-beyazgul-vatandaslara-hizmet-etmenin-mutlulugunu-yasiyoruz\/","title":{"rendered":"Ba\u015fkan Beyazg\u00fcl: Vatanda\u015flara Hizmet Etmenin Mutlulu\u011funu Ya\u015f\u0131yoruz!"},"content":{"rendered":"\n<p><\/p>\n\n\n\n<p><strong>\u015eanl\u0131urfa B\u00fcy\u00fck\u015fehir Belediyesi taraf\u0131ndan kent merkezi ve k\u0131rsal alanlarda s\u00fcrd\u00fcr\u00fclen asfalt ve Stabilize yol \u00e7al\u0131\u015fmalar\u0131 devam ediyor. \u00c7aml\u0131dere \u2013 Karaali Grup yolunda yap\u0131lan asfalt \u00e7al\u0131\u015fmalar\u0131n\u0131 yerinde inceleyen \u015eanl\u0131urfa B\u00fcy\u00fck\u015fehir Belediye Ba\u015fkan\u0131 Zeynel Abidin Beyazg\u00fcl, vatanda\u015flara hizmet etmenin mutlulu\u011funu ya\u015fad\u0131klar\u0131n\u0131 s\u00f6yledi.<\/strong><\/p>\n\n\n\n<p>\u015eanl\u0131urfa B\u00fcy\u00fck\u015fehir Belediyesi yaz sezonunda asfalt \u00e7al\u0131\u015fmas\u0131n\u0131 aral\u0131ks\u0131z bir \u015fekilde s\u00fcrd\u00fcr\u00fcyor. Kent geneli ve k\u0131rsal alanlarda asfalt ve Stabilize yol \u00e7al\u0131\u015fmas\u0131n\u0131 s\u00fcrd\u00fcren \u015eanl\u0131urfa B\u00fcy\u00fck\u015fehir Belediyesi vatanda\u015flar\u0131n takdirini kazan\u0131yor.<\/p>\n\n\n\n<p>\u015eanl\u0131urfa B\u00fcy\u00fck\u015fehir Belediyesi K\u0131rsal Hizmetler Daire Ba\u015fkanl\u0131\u011f\u0131na ba\u011fl\u0131 ekipler, Haliliye il\u00e7esine ba\u011fl\u0131 \u00c7aml\u0131dere &#8211; Yar\u0131msu &#8211; Karabay\u0131r &#8211; Yaz\u0131l\u0131kavak &#8211; Hav\u015fanl\u0131 &#8211; Battal \u2013 Karaali gurup yolunda 12 kilometre, Hav\u015fanl\u0131 &#8211; \u0130kia\u011f\u0131z &#8211; Ball\u0131ca \u2013 \u00c7atall\u0131 Mehmet\u00e7ik &#8211; Tatl\u0131 \u2013 Yazg\u00fcl\u00fc grup yolunda da 8 kilometrelik asfalt \u00e7al\u0131\u015fmas\u0131n\u0131 tamamlad\u0131.<\/p>\n\n\n\n<p>\u015eanl\u0131urfa B\u00fcy\u00fck\u015fehir Belediye Ba\u015fkan\u0131 Zeynel Abidin Beyazg\u00fcl, Haliliye Belediye Ba\u015fkan\u0131 Mehmet Canpolat, Meclis \u00dcyeleri ve Mahalle Muhtarlar\u0131 Karaali yolu ile birle\u015fen gurup yollar\u0131nda incelemelerde bulundu.<\/p>\n\n\n\n<p><strong>BA\u015eKAN BEYAZG\u00dcL, \u2018\u2019ASFALT \u00c7ALI\u015eMASINI Y\u00dcZDE 95 ORANINDA TAMAMLADIK\u2019\u2019<\/strong><\/p>\n\n\n\n<blockquote class=\"wp-block-quote is-layout-flow wp-block-quote-is-layout-flow\">\n<p>Grup yollar\u0131nda incelemelerde bulunan \u015eanl\u0131urfa B\u00fcy\u00fck\u015fehir Belediye Ba\u015fkan\u0131 Zeynel Abidin Beyazg\u00fcl, vatanda\u015flara hizmet etmenin mutlulu\u011funu ya\u015fad\u0131klar\u0131n\u0131 belirterek, \u2018\u2019Haliliye il\u00e7emize ba\u011fl\u0131 \u00c7aml\u0131dere &#8211; Yar\u0131msu &#8211; Karabay\u0131r &#8211; Yaz\u0131l\u0131kavak &#8211; Hav\u015fanl\u0131 &#8211; Battal \u2013 Karaali gurup yolunun 12 kilometresini yapt\u0131k ve Karaali ile birle\u015ftirdik. Grup yollar\u0131m\u0131z\u0131n tamam\u0131 en iyi standartlardaki asfalt yola kavu\u015fmu\u015fmu\u015f oldu. Do\u011fu istikametinde Hav\u015fanl\u0131 &#8211; \u0130kia\u011f\u0131z &#8211; Ball\u0131ca \u2013 \u00c7atall\u0131 Mehmet\u00e7ik &#8211; Tatl\u0131 \u2013 Yazg\u00fcl\u00fc grup yolunda da 8 kilometrelik bir \u00e7al\u0131\u015fmam\u0131z oldu. Bu b\u00f6lgede asfalt \u00e7al\u0131\u015fmas\u0131n\u0131 bitirmi\u015f olduk. \u015eanl\u0131urfa\u2019n\u0131n genelinde k\u0131rsal alanda y\u00fczde 95 oran\u0131nda asfalt \u00e7al\u0131\u015fmam\u0131z\u0131 bitirmi\u015f olduk. Kalan y\u00fczde 5\u2019lik k\u0131sm\u0131 ise mezralar\u0131m\u0131zd\u0131r ve mezralar\u0131m\u0131zdaki \u00e7al\u0131\u015fmalar\u0131m\u0131z\u0131 da y\u0131lsonuna kadar tamamlayaca\u011f\u0131z. K\u0131rsal Hizmetler Daire Ba\u015fkanl\u0131\u011f\u0131m\u0131z \u00e7ok yo\u011fun bir \u015fekilde 13 il\u00e7emizde \u00e7al\u0131\u015fmalar\u0131n\u0131 s\u00fcrd\u00fcrmektedir. Vatanda\u015flar\u0131m\u0131za hizmet etme mutlulu\u011funu ya\u015f\u0131yoruz. Asl\u0131nda bir\u00e7ok belediyeler \u015eanl\u0131urfa ve il\u00e7eleri d\u0131\u015f\u0131nda bu t\u00fcr hizmete hen\u00fcz daha ula\u015fabilmi\u015f de\u011fil, yine bunun yan\u0131nda biz k\u00f6y ba\u011flant\u0131 yollar\u0131n\u0131 yaparken bir yandan da Haliliye Belediyemiz k\u00f6y i\u00e7lerindeki \u00e7al\u0131\u015fmalar\u0131n\u0131 s\u00fcrd\u00fcrmektedir. Grup yollar\u0131ndaki asfalt, k\u00f6y i\u00e7lerimiz tamamen g\u00fczel bir standart da kavu\u015ftu. Vatanda\u015flar\u0131m\u0131z tozdan, topraktan kurtulmu\u015f oldu. Yo\u011fun bir \u015fekilde bu \u00e7al\u0131\u015fmalar\u0131m\u0131z\u0131 s\u00fcrd\u00fcrerek halk\u0131m\u0131z\u0131n hizmetine devam ediyoruz\u2019\u2019 diye konu\u015ftu.<\/p>\n<\/blockquote>\n","protected":false},"excerpt":{"rendered":"<p>\u015eanl\u0131urfa B\u00fcy\u00fck\u015fehir Belediyesi taraf\u0131ndan kent merkezi ve k\u0131rsal alanlarda s\u00fcrd\u00fcr\u00fclen asfalt ve Stabilize yol \u00e7al\u0131\u015fmalar\u0131 devam&#46;&#46;&#46;<\/p>\n","protected":false},"author":2,"featured_media":8088,"comment_status":"open","ping_status":"open","sticky":false,"template":"","format":"standard","meta":{"inline_featured_image":false,"footnotes":""},"categories":[82,77],"tags":[2397,119,107,994],"manset":[],"class_list":["post-8086","post","type-post","status-publish","format-standard","has-post-thumbnail","hentry","category-gundem-haberleri","category-cevre-haberleri","tag-asfalt-calismasi","tag-sanliurfa-buyuksehir-belediyesi","tag-ub","tag-zeynel-abidin-beyazgul-2"],"_links":{"self":[{"href":"https:\/\/www.urfabugun.com\/index.php\/wp-json\/wp\/v2\/posts\/8086","targetHints":{"allow":["GET"]}}],"collection":[{"href":"https:\/\/www.urfabugun.com\/index.php\/wp-json\/wp\/v2\/posts"}],"about":[{"href":"https:\/\/www.urfabugun.com\/index.php\/wp-json\/wp\/v2\/types\/post"}],"author":[{"embeddable":true,"href":"https:\/\/www.urfabugun.com\/index.php\/wp-json\/wp\/v2\/users\/2"}],"replies":[{"embeddable":true,"href":"https:\/\/www.urfabugun.com\/index.php\/wp-json\/wp\/v2\/comments?post=8086"}],"version-history":[{"count":0,"href":"https:\/\/www.urfabugun.com\/index.php\/wp-json\/wp\/v2\/posts\/8086\/revisions"}],"wp:featuredmedia":[{"embeddable":true,"href":"https:\/\/www.urfabugun.com\/index.php\/wp-json\/wp\/v2\/media\/8088"}],"wp:attachment":[{"href":"https:\/\/www.urfabugun.com\/index.php\/wp-json\/wp\/v2\/media?parent=8086"}],"wp:term":[{"taxonomy":"category","embeddable":true,"href":"https:\/\/www.urfabugun.com\/index.php\/wp-json\/wp\/v2\/categories?post=8086"},{"taxonomy":"post_tag","embeddable":true,"href":"https:\/\/www.urfabugun.com\/index.php\/wp-json\/wp\/v2\/tags?post=8086"},{"taxonomy":"manset","embeddable":true,"href":"https:\/\/www.urfabugun.com\/index.php\/wp-json\/wp\/v2\/manset?post=8086"}],"curies":[{"name":"wp","href":"https:\/\/api.w.org\/{rel}","templated":true}]}}