{"id":8118,"date":"2023-07-29T10:53:03","date_gmt":"2023-07-29T07:53:03","guid":{"rendered":"https:\/\/www.urfabugun.com\/?p=8118"},"modified":"2023-07-29T10:53:10","modified_gmt":"2023-07-29T07:53:10","slug":"sanliurfada-8-mahallesinde-su-kesintisi-yasanacak","status":"publish","type":"post","link":"https:\/\/www.urfabugun.com\/index.php\/2023\/07\/29\/sanliurfada-8-mahallesinde-su-kesintisi-yasanacak\/","title":{"rendered":"\u015eanl\u0131urfa&#8217;da 8 Mahallesinde Su Kesintisi Ya\u015fanacak!"},"content":{"rendered":"\n<p><\/p>\n\n\n\n<p><strong>\u015eUSK\u0130 resmi sosyal medya hesab\u0131ndan beklenmedik geli\u015fen ar\u0131za nedeniyle Eyy\u00fcbiye\u2019de 8 mahallede su kesintisi ya\u015fanaca\u011f\u0131n\u0131 bildirdi.<\/strong><\/p>\n\n\n\n<p>\u015eanl\u0131urfa Su ve Kanalizasyon \u0130\u015fleri Genel M\u00fcd\u00fcrl\u00fc\u011f\u00fc su kesintisi konusunda uyar\u0131da bulundu. \u015eUSK\u0130 Genel M\u00fcd\u00fcrl\u00fc\u011f\u00fc taraf\u0131ndan yap\u0131lan a\u00e7\u0131klamaya g\u00f6re \u015eanl\u0131urfa\u2019n\u0131n Eyy\u00fcbiye il\u00e7esinde 8 mahallede ge\u00e7ici olarak su kesintisi ya\u015fanacak.<\/p>\n\n\n\n<p>\u015eUSK\u0130 sosyal medya hesab\u0131ndan yapt\u0131\u011f\u0131 payla\u015f\u0131mda:\u201d Ani ve beklenmedik bir \u015fekilde meydana&nbsp; gelen ar\u0131za nedeni ile \u015eehitlik, H\u0131zmal\u0131, Yakubiye, Topda\u011f\u0131, \u015e\u0131hmaksut,Kad\u0131o\u011flu, Karakoyun ve Tepe mahallelerinde bug\u00fcn saat 13.30&#8217;a kadar ge\u00e7ici olarak su kesintisi ya\u015fanacakt\u0131r \u201ddedi.<\/p>\n","protected":false},"excerpt":{"rendered":"<p>\u015eUSK\u0130 resmi sosyal medya hesab\u0131ndan beklenmedik geli\u015fen ar\u0131za nedeniyle Eyy\u00fcbiye\u2019de 8 mahallede su kesintisi ya\u015fanaca\u011f\u0131n\u0131 bildirdi.&#46;&#46;&#46;<\/p>\n","protected":false},"author":2,"featured_media":8120,"comment_status":"open","ping_status":"open","sticky":false,"template":"","format":"standard","meta":{"inline_featured_image":false,"footnotes":""},"categories":[92],"tags":[2408,131,1784,898,107],"manset":[],"class_list":["post-8118","post","type-post","status-publish","format-standard","has-post-thumbnail","hentry","category-yasam-haberleri","tag-sanliurfada-8-mahallesinde-su-kesintisi-yasanacak","tag-son-dakika","tag-su-kesintisi","tag-suski","tag-ub"],"_links":{"self":[{"href":"https:\/\/www.urfabugun.com\/index.php\/wp-json\/wp\/v2\/posts\/8118","targetHints":{"allow":["GET"]}}],"collection":[{"href":"https:\/\/www.urfabugun.com\/index.php\/wp-json\/wp\/v2\/posts"}],"about":[{"href":"https:\/\/www.urfabugun.com\/index.php\/wp-json\/wp\/v2\/types\/post"}],"author":[{"embeddable":true,"href":"https:\/\/www.urfabugun.com\/index.php\/wp-json\/wp\/v2\/users\/2"}],"replies":[{"embeddable":true,"href":"https:\/\/www.urfabugun.com\/index.php\/wp-json\/wp\/v2\/comments?post=8118"}],"version-history":[{"count":0,"href":"https:\/\/www.urfabugun.com\/index.php\/wp-json\/wp\/v2\/posts\/8118\/revisions"}],"wp:featuredmedia":[{"embeddable":true,"href":"https:\/\/www.urfabugun.com\/index.php\/wp-json\/wp\/v2\/media\/8120"}],"wp:attachment":[{"href":"https:\/\/www.urfabugun.com\/index.php\/wp-json\/wp\/v2\/media?parent=8118"}],"wp:term":[{"taxonomy":"category","embeddable":true,"href":"https:\/\/www.urfabugun.com\/index.php\/wp-json\/wp\/v2\/categories?post=8118"},{"taxonomy":"post_tag","embeddable":true,"href":"https:\/\/www.urfabugun.com\/index.php\/wp-json\/wp\/v2\/tags?post=8118"},{"taxonomy":"manset","embeddable":true,"href":"https:\/\/www.urfabugun.com\/index.php\/wp-json\/wp\/v2\/manset?post=8118"}],"curies":[{"name":"wp","href":"https:\/\/api.w.org\/{rel}","templated":true}]}}