{"id":8159,"date":"2023-07-31T08:44:24","date_gmt":"2023-07-31T05:44:24","guid":{"rendered":"https:\/\/www.urfabugun.com\/?p=8159"},"modified":"2023-07-31T08:44:31","modified_gmt":"2023-07-31T05:44:31","slug":"eyyam-i-bahur-sicaklari-geliyor-sanliurfayi-yeni-haftada-nasil-bir-hava-bekliyor","status":"publish","type":"post","link":"https:\/\/www.urfabugun.com\/index.php\/2023\/07\/31\/eyyam-i-bahur-sicaklari-geliyor-sanliurfayi-yeni-haftada-nasil-bir-hava-bekliyor\/","title":{"rendered":"Eyyam-I Bahur S\u0131caklar\u0131 Geliyor: \u015eanl\u0131urfa\u2019y\u0131 Yeni Haftada Nas\u0131l Bir Hava Bekliyor?"},"content":{"rendered":"\n<p><\/p>\n\n\n\n<p><strong>\u015eanl\u0131urfa\u2019da 40 dereceyi a\u015fan s\u0131caklar b\u00f6lgedeki ya\u015fam\u0131 olumsuz etkilerken, Meteoroloji Genel M\u00fcd\u00fcrl\u00fc\u011f\u00fc \u015eanl\u0131urfa\u2019n\u0131n hava tahminlerini a\u00e7\u0131klad\u0131. Peki, bu hafta \u015eanl\u0131urfa\u2019y\u0131 neler bekliyor?<\/strong><\/p>\n\n\n\n<p>T\u00fcrkiye\u2019nin en s\u0131cak illeri aras\u0131nda yer alan \u015eanl\u0131urfa\u2019da s\u0131cak hava etkisini her ge\u00e7en g\u00fcn art\u0131rarak devam ediyor.<\/p>\n\n\n\n<p>Yaz mevsiminin en s\u0131cak ve bo\u011fucu g\u00fcnlerini ifade etmek i\u00e7in kullan\u0131lan eyyam-\u0131 bahur, her y\u0131l temmuz ay\u0131n\u0131n sonu ile a\u011fustos ay\u0131n\u0131n ba\u015f\u0131na denk geliyor.<\/p>\n\n\n\n<p>Yerini &#8220;\u00e7\u00f6l s\u0131caklar\u0131&#8221;, &#8220;cehennem s\u0131caklar\u0131&#8221; ve &#8220;Afrika s\u0131caklar\u0131&#8221; gibi terimlere de b\u0131rakan eyyam-\u0131 bahurun, T\u00fcrkiye&#8217;nin g\u00fcney ve bat\u0131 b\u00f6lgelerinde etkisini g\u00f6stermesi bekleniyor.<\/p>\n\n\n\n<p>2 haftad\u0131r kavurucu s\u0131caklar\u0131n etkisini g\u00f6sterdi\u011fi g\u00fcneydo\u011fuda termometre 40 dereceyi a\u015farken, Meteoroloji Genel M\u00fcd\u00fcrl\u00fc\u011f\u00fc, \u015eanl\u0131urfa i\u00e7in 5 g\u00fcn\u00fcn en y\u00fcksek hava s\u0131cakl\u0131\u011f\u0131n\u0131 da a\u00e7\u0131klad\u0131.<\/p>\n\n\n\n<p><strong>HAVA DURUMU TAHM\u0130NLER\u0130<\/strong><\/p>\n\n\n\n<p>Pazartesi, en d\u00fc\u015f\u00fck 25, en y\u00fcksek 38<\/p>\n\n\n\n<p>Sal\u0131, en d\u00fc\u015f\u00fck 25, en y\u00fcksek 39<\/p>\n\n\n\n<p>\u00c7ar\u015famba, en d\u00fc\u015f\u00fck 26, en y\u00fcksek 41<\/p>\n\n\n\n<p>Per\u015fembe, en d\u00fc\u015f\u00fck 28,en y\u00fcksek 42<\/p>\n\n\n\n<p>Cuma, en d\u00fc\u015f\u00fck 27 en y\u00fcksek 42<\/p>\n","protected":false},"excerpt":{"rendered":"<p>\u015eanl\u0131urfa\u2019da 40 dereceyi a\u015fan s\u0131caklar b\u00f6lgedeki ya\u015fam\u0131 olumsuz etkilerken, Meteoroloji Genel M\u00fcd\u00fcrl\u00fc\u011f\u00fc \u015eanl\u0131urfa\u2019n\u0131n hava tahminlerini a\u00e7\u0131klad\u0131.&#46;&#46;&#46;<\/p>\n","protected":false},"author":2,"featured_media":8161,"comment_status":"open","ping_status":"open","sticky":false,"template":"","format":"standard","meta":{"inline_featured_image":false,"footnotes":""},"categories":[92],"tags":[2424,108,118,2425,131,107],"manset":[],"class_list":["post-8159","post","type-post","status-publish","format-standard","has-post-thumbnail","hentry","category-yasam-haberleri","tag-eyyam-i-bahur-sicaklari-geliyor","tag-hava-durumu","tag-sanliurfa","tag-sanliurfayi-yeni-haftada-nasil-bir-hava-bekliyor","tag-son-dakika","tag-ub"],"_links":{"self":[{"href":"https:\/\/www.urfabugun.com\/index.php\/wp-json\/wp\/v2\/posts\/8159","targetHints":{"allow":["GET"]}}],"collection":[{"href":"https:\/\/www.urfabugun.com\/index.php\/wp-json\/wp\/v2\/posts"}],"about":[{"href":"https:\/\/www.urfabugun.com\/index.php\/wp-json\/wp\/v2\/types\/post"}],"author":[{"embeddable":true,"href":"https:\/\/www.urfabugun.com\/index.php\/wp-json\/wp\/v2\/users\/2"}],"replies":[{"embeddable":true,"href":"https:\/\/www.urfabugun.com\/index.php\/wp-json\/wp\/v2\/comments?post=8159"}],"version-history":[{"count":0,"href":"https:\/\/www.urfabugun.com\/index.php\/wp-json\/wp\/v2\/posts\/8159\/revisions"}],"wp:featuredmedia":[{"embeddable":true,"href":"https:\/\/www.urfabugun.com\/index.php\/wp-json\/wp\/v2\/media\/8161"}],"wp:attachment":[{"href":"https:\/\/www.urfabugun.com\/index.php\/wp-json\/wp\/v2\/media?parent=8159"}],"wp:term":[{"taxonomy":"category","embeddable":true,"href":"https:\/\/www.urfabugun.com\/index.php\/wp-json\/wp\/v2\/categories?post=8159"},{"taxonomy":"post_tag","embeddable":true,"href":"https:\/\/www.urfabugun.com\/index.php\/wp-json\/wp\/v2\/tags?post=8159"},{"taxonomy":"manset","embeddable":true,"href":"https:\/\/www.urfabugun.com\/index.php\/wp-json\/wp\/v2\/manset?post=8159"}],"curies":[{"name":"wp","href":"https:\/\/api.w.org\/{rel}","templated":true}]}}